{"id":114416,"date":"2024-05-14T10:36:42","date_gmt":"2024-05-14T13:36:42","guid":{"rendered":"https:\/\/www.actualidadadiario.com\/?p=114416"},"modified":"2024-05-14T10:36:42","modified_gmt":"2024-05-14T13:36:42","slug":"se-acerca-a-600-el-numero-de-personas-evacuadas-en-concordia","status":"publish","type":"post","link":"https:\/\/www.actualidadadiario.com\/index.php\/2024\/05\/14\/se-acerca-a-600-el-numero-de-personas-evacuadas-en-concordia\/","title":{"rendered":"Se acerca a 600 el n\u00famero de personas evacuadas en Concordia"},"content":{"rendered":"<p style=\"text-align: center;\"><em><strong>El intendente Francisco Azcu\u00e9 inform\u00f3 que hasta la noche se han evacuado un total de 170 familias: 579 personas, entre mayores y menores. Del toral de personas afectadas, 368 fueron trasladadas a domicilios particulares y 208 a Centros de Evacuados<\/strong><\/em><\/p>\n<p>&nbsp;<\/p>\n<p>&nbsp;<\/p>\n<p>Este lunes, desde el Centro de Operaciones de Emergencias se continu\u00f3 trabajando de manera coordinada entre las distintas \u00e1reas de la Municipalidad de Concordia, Fuerzas Armadas, de Seguridad, Bomberos Voluntarios, Vialidad Provincial\u00a0 y entidades intermedias a fin de dar respuestas a los vecinos que se ven afectados por la creciente del r\u00edo Uruguay.<\/p>\n<p>El intendente Francisco Azcu\u00e9 mantuvo una reuni\u00f3n con organizaciones intermedias con el objetivo de organizar la recepci\u00f3n de donaciones de parte de distintos sectores de la comunidad que una vez m\u00e1s muestran su solidaridad ante la situaci\u00f3n por la que est\u00e1 atravesando un sector de la comunidad.<\/p>\n<p>El operativo de evacuaci\u00f3n se desarroll\u00f3 tal cual lo previsto, realiz\u00e1ndose las mismas de forma preventiva, antes que el agua ingrese a las viviendas.<\/p>\n<p>El n\u00famero, gratuito, al que deben comunicarse las personas que necesiten ser evacuadas, es el 103.<\/p>\n<p>En lo que respecta a evacuaciones, el intendente Azcu\u00e9 inform\u00f3 que hasta este lunes 13 de mayo, se han evacuado un total de 170 familias, que hacen un total de 579 personas, entre mayores y menores.<\/p>\n<p>Del total de familias evacuadas, 111 de ellas fueron trasladadas a domicilios particulares.<\/p>\n<p>Hay 9 familias, 17 adultos y 18 menores, alojadas en el Centro de Evacuados &#8220;El Refugio&#8221; de\u00a0 Carretera La Cruz.<\/p>\n<p>En las instalaciones del Regimiento hay alojadas 21 familias, 37 mayores y 35 menores. Mientras que en Villa Adela, hay 5 familias evacuadas, 13 mayores y 8 menores<\/p>\n<p>En el centro de evacuados &#8220;Promin&#8221; hay 14 familias, 24 mayores y 30 menores y en la &#8220;Ex Bagley&#8221;, se encuentran evacuadas 9 familias, 17 mayores y 9 menores.<\/p>\n<p>Total de familias que permanecen en los centros de evacuados: 59.<\/p>\n<p>Hasta ayer, 368 personas fueron trasladadas a domicilios particulares y 208, a Centros de Evacuados.<\/p>\n","protected":false},"excerpt":{"rendered":"<p>El intendente Francisco Azcu\u00e9 inform\u00f3 que hasta la noche se han evacuado un total de 170 familias: 579 personas, entre mayores y menores. Del toral de personas afectadas, 368 fueron trasladadas a domicilios particulares y 208 a Centros de Evacuados &nbsp; &nbsp; Este lunes, desde el Centro de Operaciones de Emergencias se continu\u00f3 trabajando de manera coordinada entre las distintas \u00e1reas de la Municipalidad de Concordia, Fuerzas Armadas, de Seguridad, Bomberos Voluntarios, Vialidad Provincial\u00a0 y entidades intermedias a fin de dar respuestas a los vecinos que se ven afectados por&#8230;<\/p>\n","protected":false},"author":3,"featured_media":114352,"comment_status":"closed","ping_status":"closed","sticky":false,"template":"","format":"standard","meta":[],"categories":[15],"tags":[],"_links":{"self":[{"href":"https:\/\/www.actualidadadiario.com\/index.php\/wp-json\/wp\/v2\/posts\/114416"}],"collection":[{"href":"https:\/\/www.actualidadadiario.com\/index.php\/wp-json\/wp\/v2\/posts"}],"about":[{"href":"https:\/\/www.actualidadadiario.com\/index.php\/wp-json\/wp\/v2\/types\/post"}],"author":[{"embeddable":true,"href":"https:\/\/www.actualidadadiario.com\/index.php\/wp-json\/wp\/v2\/users\/3"}],"replies":[{"embeddable":true,"href":"https:\/\/www.actualidadadiario.com\/index.php\/wp-json\/wp\/v2\/comments?post=114416"}],"version-history":[{"count":1,"href":"https:\/\/www.actualidadadiario.com\/index.php\/wp-json\/wp\/v2\/posts\/114416\/revisions"}],"predecessor-version":[{"id":114417,"href":"https:\/\/www.actualidadadiario.com\/index.php\/wp-json\/wp\/v2\/posts\/114416\/revisions\/114417"}],"wp:featuredmedia":[{"embeddable":true,"href":"https:\/\/www.actualidadadiario.com\/index.php\/wp-json\/wp\/v2\/media\/114352"}],"wp:attachment":[{"href":"https:\/\/www.actualidadadiario.com\/index.php\/wp-json\/wp\/v2\/media?parent=114416"}],"wp:term":[{"taxonomy":"category","embeddable":true,"href":"https:\/\/www.actualidadadiario.com\/index.php\/wp-json\/wp\/v2\/categories?post=114416"},{"taxonomy":"post_tag","embeddable":true,"href":"https:\/\/www.actualidadadiario.com\/index.php\/wp-json\/wp\/v2\/tags?post=114416"}],"curies":[{"name":"wp","href":"https:\/\/api.w.org\/{rel}","templated":true}]}}