{"id":114402,"date":"2024-05-13T15:44:35","date_gmt":"2024-05-13T18:44:35","guid":{"rendered":"https:\/\/www.actualidadadiario.com\/?p=114402"},"modified":"2024-05-13T15:44:35","modified_gmt":"2024-05-13T18:44:35","slug":"petro-le-respondio-a-netanyahu-pasara-usted-a-la-historia-como-un-genocida","status":"publish","type":"post","link":"https:\/\/www.actualidadadiario.com\/index.php\/2024\/05\/13\/petro-le-respondio-a-netanyahu-pasara-usted-a-la-historia-como-un-genocida\/","title":{"rendered":"Petro le respondi\u00f3 a Netanyahu: \u201cPasar\u00e1 usted a la historia como un genocida\u201d"},"content":{"rendered":"<p style=\"text-align: center;\"><em><strong>\u201cLanzar bombas sobre miles de ni\u00f1os y ni\u00f1as, mujeres y ancianos inocentes no lo hace a usted un h\u00e9roe\u201d, se\u00f1al\u00f3 el mandatario colombiano luego de que el primer ministro de Israel lo tildara de \u201cantisemita\u201d. Colombia rompi\u00f3 relaciones con el Estado israel\u00ed el 1\u00b0 de mayo<\/strong><\/em><\/p>\n<p>&nbsp;<\/p>\n<p>&nbsp;<\/p>\n<p>El presidente colombiano, Gustavo Petro, respondi\u00f3 a los duros se\u00f1alamientos que le hizo el primer ministro de Israel, Benjam\u00edn Netanyahu, quien lo tild\u00f3 de ser un \u201cantisemita que apoya a Ham\u00e1s\u201d.<\/p>\n<p>Petro se\u00f1al\u00f3 a trav\u00e9s de su cuenta de X: \u201cSe\u00f1or Netanyahu, pasar\u00e1 usted a la historia como un genocida. Lanzar bombas sobre miles de ni\u00f1os y ni\u00f1as, mujeres y ancianos inocentes no lo hace a usted un h\u00e9roe\u201d.<\/p>\n<p>El mandatario colombiano, agreg\u00f3 que el primer ministro Israel\u00ed \u201cqueda al lado de quienes mataron millones de jud\u00edos en Europa. Un genocida es un genocida no importa si tiene o no religi\u00f3n. Intente al menos detener la masacre\u201d.<\/p>\n<p>Por su parte, el Ministerio de Relaciones Exteriores de Colombia, rechaz\u00f3 las acusaciones \u201cfalsas\u201d del primer ministro de Israel contra el presidente Gustavo Petro y exigi\u00f3 respeto por el mandatario.<\/p>\n<p>\u201cLa lucha del presidente Petro por la vida, la paz y la justicia, va m\u00e1s all\u00e1 de nuestras fronteras, as\u00ed como su apoyo al multilateralismo para preservar la convivencia de las naciones y evitar la guerra\u201d, se\u00f1al\u00f3 en un comunicado la canciller\u00eda.<\/p>\n<p>La crisis diplom\u00e1tica entre los dos pa\u00edses ha estado salpicada por todo tipo de descalificaciones y desemboc\u00f3 en la ruptura total de relaciones con Israel anunciada por Petro el 1 de mayo en medio de las marchas por el d\u00eda del Trabajo, \u201cpor tener un Gobierno, un presidente genocida\u201d.<\/p>\n<p>Los manifestantes celebraron esa noticia en plena Plaza de Bol\u00edvar, en el coraz\u00f3n de Bogot\u00e1, una multitud en la que ondeaban algunas banderas de Palestina. \u201cLa humanidad toda, por millones, est\u00e1 de acuerdo con nosotros. No puede ser, no pueden volver las \u00e9pocas del genocidio, del exterminio de un pueblo entero ante nuestros ojos\u201d, dijo entonces un Petro visiblemente emocionado.<\/p>\n","protected":false},"excerpt":{"rendered":"<p>\u201cLanzar bombas sobre miles de ni\u00f1os y ni\u00f1as, mujeres y ancianos inocentes no lo hace a usted un h\u00e9roe\u201d, se\u00f1al\u00f3 el mandatario colombiano luego de que el primer ministro de Israel lo tildara de \u201cantisemita\u201d. Colombia rompi\u00f3 relaciones con el Estado israel\u00ed el 1\u00b0 de mayo &nbsp; &nbsp; El presidente colombiano, Gustavo Petro, respondi\u00f3 a los duros se\u00f1alamientos que le hizo el primer ministro de Israel, Benjam\u00edn Netanyahu, quien lo tild\u00f3 de ser un \u201cantisemita que apoya a Ham\u00e1s\u201d. Petro se\u00f1al\u00f3 a trav\u00e9s de su cuenta de X: \u201cSe\u00f1or Netanyahu,&#8230;<\/p>\n","protected":false},"author":3,"featured_media":114403,"comment_status":"closed","ping_status":"closed","sticky":false,"template":"","format":"standard","meta":[],"categories":[4],"tags":[],"_links":{"self":[{"href":"https:\/\/www.actualidadadiario.com\/index.php\/wp-json\/wp\/v2\/posts\/114402"}],"collection":[{"href":"https:\/\/www.actualidadadiario.com\/index.php\/wp-json\/wp\/v2\/posts"}],"about":[{"href":"https:\/\/www.actualidadadiario.com\/index.php\/wp-json\/wp\/v2\/types\/post"}],"author":[{"embeddable":true,"href":"https:\/\/www.actualidadadiario.com\/index.php\/wp-json\/wp\/v2\/users\/3"}],"replies":[{"embeddable":true,"href":"https:\/\/www.actualidadadiario.com\/index.php\/wp-json\/wp\/v2\/comments?post=114402"}],"version-history":[{"count":1,"href":"https:\/\/www.actualidadadiario.com\/index.php\/wp-json\/wp\/v2\/posts\/114402\/revisions"}],"predecessor-version":[{"id":114404,"href":"https:\/\/www.actualidadadiario.com\/index.php\/wp-json\/wp\/v2\/posts\/114402\/revisions\/114404"}],"wp:featuredmedia":[{"embeddable":true,"href":"https:\/\/www.actualidadadiario.com\/index.php\/wp-json\/wp\/v2\/media\/114403"}],"wp:attachment":[{"href":"https:\/\/www.actualidadadiario.com\/index.php\/wp-json\/wp\/v2\/media?parent=114402"}],"wp:term":[{"taxonomy":"category","embeddable":true,"href":"https:\/\/www.actualidadadiario.com\/index.php\/wp-json\/wp\/v2\/categories?post=114402"},{"taxonomy":"post_tag","embeddable":true,"href":"https:\/\/www.actualidadadiario.com\/index.php\/wp-json\/wp\/v2\/tags?post=114402"}],"curies":[{"name":"wp","href":"https:\/\/api.w.org\/{rel}","templated":true}]}}