{"id":114391,"date":"2024-05-13T15:25:20","date_gmt":"2024-05-13T18:25:20","guid":{"rendered":"https:\/\/www.actualidadadiario.com\/?p=114391"},"modified":"2024-05-13T15:25:20","modified_gmt":"2024-05-13T18:25:20","slug":"francos-se-mostro-optimista-sobre-la-ley-bases-aunque-tengamos-un-bloque-minoritario","status":"publish","type":"post","link":"https:\/\/www.actualidadadiario.com\/index.php\/2024\/05\/13\/francos-se-mostro-optimista-sobre-la-ley-bases-aunque-tengamos-un-bloque-minoritario\/","title":{"rendered":"Francos se mostr\u00f3 optimista sobre la ley Bases &#8220;aunque tengamos un bloque minoritario&#8221;"},"content":{"rendered":"<p style=\"text-align: center;\"><em><strong>&#8220;Creo que primar\u00e1 la racionalidad y comprender\u00e1n la dificultad del momento que estamos transitando durante estos meses que llevamos en el gobierno&#8221;, dedic\u00f3 Francos a los senadores<\/strong><\/em><\/p>\n<p>&nbsp;<\/p>\n<p>&nbsp;<\/p>\n<p>El ministro del Interior, Guillermo Francos, se mostr\u00f3 &#8220;optimista&#8221; con la votaci\u00f3n a favor de la ley de Bases y sostuvo &#8220;que va a salir&#8221; aunque sabe que en el Senado existe &#8220;la complejidad&#8221; de que el oficialismo conforme &#8220;un bloque m\u00e1s minoritario&#8221;.<\/p>\n<p>Por otra parte, afirm\u00f3 que, desde el oficialismo, hablaron &#8220;con cada senador&#8221; para &#8220;convencerlos de a uno&#8221; de que esto &#8220;es en beneficio para los argentinos y no de un sector en particular&#8221;.<\/p>\n<p>&#8220;Creo que primar\u00e1 la racionalidad y comprender\u00e1n la dificultad del momento que estamos transitando durante estos meses que llevamos en el gobierno. Esperemos que nos ayuden a aprobar estos instrumentos para poner el motor a la econom\u00eda&#8221;, declar\u00f3 Francos.<\/p>\n<p>Paralelamente, se refiri\u00f3 a aquellos que &#8220;se oponen por oponerse&#8221; porque piensan que &#8220;cuanto peor le va a la Argentina, mejor le va a determinado sector pol\u00edtico&#8221;.<\/p>\n<p>&#8220;La realidad es que somos una fuerza minoritaria en lo legislativo, como todos saben, y estamos buscando el apoyo de otras fuerzas con los que piensan que hay que generar un cambio y una transformaci\u00f3n. Es un arduo trabajo, pero no hay que bajar los brazos&#8221;, sentenci\u00f3.<\/p>\n<p>Seg\u00fan el ministro, finalmente conversaron con todos los legisladores de todos los sectores pol\u00edticos e hizo hincapi\u00e9 sobre el senador Mart\u00edn Lousteau &#8220;con quien han avanzado en distintos aspectos de la ley&#8221; y pudieron aclarar &#8220;algunos temas que le preocupaban&#8221;.<\/p>\n<p>Con respecto a las manifestaciones de varios sindicalistas en contra a la ley de Bases, Francos confirm\u00f3 que tienen &#8220;relaci\u00f3n con ellos desde el principio&#8221; y que est\u00e1n &#8220;permanentemente atentos al sector y a sus expresiones&#8221;.<\/p>\n<p>&#8220;Creo que hay una vocaci\u00f3n por entender el momento en el que se vive y apoyar, de alguna manera, para poder salir de esta situaci\u00f3n de dificultad legislativa, de no entorpecer con medidas que hoy no tienen ning\u00fan sentido&#8221;, remarc\u00f3.<\/p>\n<p>Para finalizar, destac\u00f3 que, en estos momentos, el oficialismo no est\u00e1 preocupado por las diferencias con los sindicalistas, sino que se est\u00e1 &#8220;ocupando&#8221; de &#8220;obtener los instrumentos&#8221; que les &#8220;permitan avanzar&#8221; en la sanci\u00f3n de la ley &#8220;lo antes posible&#8221;.<\/p>\n","protected":false},"excerpt":{"rendered":"<p>&#8220;Creo que primar\u00e1 la racionalidad y comprender\u00e1n la dificultad del momento que estamos transitando durante estos meses que llevamos en el gobierno&#8221;, dedic\u00f3 Francos a los senadores &nbsp; &nbsp; El ministro del Interior, Guillermo Francos, se mostr\u00f3 &#8220;optimista&#8221; con la votaci\u00f3n a favor de la ley de Bases y sostuvo &#8220;que va a salir&#8221; aunque sabe que en el Senado existe &#8220;la complejidad&#8221; de que el oficialismo conforme &#8220;un bloque m\u00e1s minoritario&#8221;. Por otra parte, afirm\u00f3 que, desde el oficialismo, hablaron &#8220;con cada senador&#8221; para &#8220;convencerlos de a uno&#8221; de&#8230;<\/p>\n","protected":false},"author":3,"featured_media":114392,"comment_status":"closed","ping_status":"closed","sticky":false,"template":"","format":"standard","meta":[],"categories":[18],"tags":[],"_links":{"self":[{"href":"https:\/\/www.actualidadadiario.com\/index.php\/wp-json\/wp\/v2\/posts\/114391"}],"collection":[{"href":"https:\/\/www.actualidadadiario.com\/index.php\/wp-json\/wp\/v2\/posts"}],"about":[{"href":"https:\/\/www.actualidadadiario.com\/index.php\/wp-json\/wp\/v2\/types\/post"}],"author":[{"embeddable":true,"href":"https:\/\/www.actualidadadiario.com\/index.php\/wp-json\/wp\/v2\/users\/3"}],"replies":[{"embeddable":true,"href":"https:\/\/www.actualidadadiario.com\/index.php\/wp-json\/wp\/v2\/comments?post=114391"}],"version-history":[{"count":1,"href":"https:\/\/www.actualidadadiario.com\/index.php\/wp-json\/wp\/v2\/posts\/114391\/revisions"}],"predecessor-version":[{"id":114393,"href":"https:\/\/www.actualidadadiario.com\/index.php\/wp-json\/wp\/v2\/posts\/114391\/revisions\/114393"}],"wp:featuredmedia":[{"embeddable":true,"href":"https:\/\/www.actualidadadiario.com\/index.php\/wp-json\/wp\/v2\/media\/114392"}],"wp:attachment":[{"href":"https:\/\/www.actualidadadiario.com\/index.php\/wp-json\/wp\/v2\/media?parent=114391"}],"wp:term":[{"taxonomy":"category","embeddable":true,"href":"https:\/\/www.actualidadadiario.com\/index.php\/wp-json\/wp\/v2\/categories?post=114391"},{"taxonomy":"post_tag","embeddable":true,"href":"https:\/\/www.actualidadadiario.com\/index.php\/wp-json\/wp\/v2\/tags?post=114391"}],"curies":[{"name":"wp","href":"https:\/\/api.w.org\/{rel}","templated":true}]}}