{"id":114384,"date":"2024-05-13T15:22:08","date_gmt":"2024-05-13T18:22:08","guid":{"rendered":"https:\/\/www.actualidadadiario.com\/?p=114384"},"modified":"2024-05-13T15:22:08","modified_gmt":"2024-05-13T18:22:08","slug":"ya-esta-definida-la-lista-de-expositores-que-se-presentaran-en-el-senado","status":"publish","type":"post","link":"https:\/\/www.actualidadadiario.com\/index.php\/2024\/05\/13\/ya-esta-definida-la-lista-de-expositores-que-se-presentaran-en-el-senado\/","title":{"rendered":"Ya est\u00e1 definida la lista de expositores que se presentar\u00e1n en el Senado"},"content":{"rendered":"<p style=\"text-align: center;\"><em><strong>La Reuni\u00f3n Plenaria que se realizar\u00e1 hoy de las comisiones de Legislaci\u00f3n General, de Presupuesto y Hacienda y de Asuntos Constitucionales tendr\u00e1 como invitados a sindicalistas, periodistas y diputados provinciales<\/strong><\/em><\/p>\n<p>&nbsp;<\/p>\n<p>&nbsp;<\/p>\n<p>La lista de expositores que tendr\u00e1 hoy la Reuni\u00f3n Plenaria que se realizar\u00e1 en el Senado de la Naci\u00f3n, en las comisiones de Legislaci\u00f3n General, de Presupuesto y Hacienda y de Asuntos Constitucionales, fue presentada.<\/p>\n<p>La jornada estar\u00e1 dividida en 14 llamados y tendr\u00e1 como invitados a distintos sindicalistas, periodistas y diputados provinciales, entre otros.<\/p>\n<p>El primer llamado cuenta con los expositores propuestos por la senadora Juliana Di Tullio de Uni\u00f3n por la Patria, entre los que se encuentran H\u00e9ctor Daer de la Confederaci\u00f3n General del Trabajo (CGT); Hugo Yasky de la Central de Trabajadores de la Argentina (CTA); Mar\u00eda Eugenia Sconfienza en representaci\u00f3n de la Organizaci\u00f3n Internacional del Trabajo, Luciano Galfione de la fundaci\u00f3n PRO TEJER, destinada a asistir a la cadena agro-industrial textil, y el abogado Carlos Nielsen Enemark.<\/p>\n<p>Posteriormente, expondr\u00e1n los tres actores sugeridos por el senador Jos\u00e9 Mar\u00eda Carambia de Alianza por Santa Cruz (fuerza que integra el PRO) que son Gustavo Fita, diputado provincial chubutense de Uni\u00f3n por la Patria y secretario general de la CGT de Comodoro Rivadavia; Sebasti\u00e1n Rodr\u00edguez, secretario de Asuntos Laborales de la Federaci\u00f3n \u00danica de Viajantes (FUVA) y C\u00e9sar Guatti, representando a Instituciones Agropecuarias de Santa Cruz.<\/p>\n<p>Para la tercera instancia, la senadora de Neuqu\u00e9n Lucila Crexell, de Juntos por el Cambio, sugiri\u00f3 la presencia del consultor Juan Jose Carbajales y de Mariano Llinas.<\/p>\n<p>En el cuarto llamado, los expositores propuestos por el Bloque del PRO son el abogado Eugenio Maurette, especializado Derecho Laboral, Ezequiel Calcamani de la Asociaci\u00f3n de Emprendedores de Argentina y Gustavo del Boca y Gast\u00f3n Utrera de la C\u00e1mara Industriales Metal\u00fargicos y componentes C\u00f3rdoba (CIMCC).<\/p>\n<p>El formose\u00f1o Jos\u00e9 Mayans eligi\u00f3, para el quinto llamado, a Carlos Brassesco de Uni\u00f3n Personal de Casas Particulares, al abogado constitucionalista Andres Gil Dom\u00ednguez, a la secretaria general del Sindicato de Amas de Casa (SACRA) Mar\u00eda Lucia Colombo, Paula Litvachky del Centro de Estudios Legales y Sociales (CELS) y a la investigadora de la Universidad de Buenos Aires, Josefina Vaca.<\/p>\n<p>En la sexta exposici\u00f3n, estar\u00e1n el presidente de la Uni\u00f3n Industrial Pyme (Regi\u00f3n Rosario) Rom\u00e1n Guajardov y Luis Manini y Jos\u00e9 Tamborenea de Asociaci\u00f3n de Industriales Metal\u00fargicos de la Rep\u00fablica Argentina (ADIMRA), propuestos por la legisladora Guadalupe Tagliaferri de Juntos por el Cambio.<\/p>\n<p>Para la s\u00e9ptima tanda, el senador y presidente de la UCR, Mart\u00edn Lousteau sugiri\u00f3 a Guillermo Duran, decano de Ciencias Exactas en la Universidad de Buenos Aires, Eugenio Garc\u00eda Huidobro, abogado administrativo y Mart\u00edn Reyd\u00f3 de FUNDAR, organizaci\u00f3n dedicada al estudio, la investigaci\u00f3n y el dise\u00f1o de pol\u00edticas p\u00fablicas.<\/p>\n<p>El octavo llamado est\u00e1 a cargo de los expositores propuestos por el Bloque Unidad Federal y ser\u00e1n Sof\u00eda Frangie en representaci\u00f3n del Instituto Nacional de Tecnolog\u00eda Industrial (INTI), Noelia Villafa\u00f1e, titular de Monotributistas Asociados de la Rep\u00fablica Argentina (MARA), Javier Martin, del Parque Industrial Sauce Viejo y Enrique Bertini y Mariano Guizzo de ADIMRA.<\/p>\n<p>Posteriormente, el senador Sergio Leavy del Partido de la Victoria de Salta, presentar\u00e1 en el noveno turno a Guillermo Baudino del INTI (Regional NOA).<\/p>\n<p>Para el d\u00e9cimo segmento, Mayans presentar\u00e1 a Alberto Baruj del Consejo Nacional de Investigaciones Cient\u00edficas y T\u00e9cnicas (CONICET) e Instituto Balseiro; Andrea Ozamiz, secretaria general de AFAUDI, Guillermo Moretti, vicepresidente de la Uni\u00f3n Industrial Argentina (UIA), Jos\u00e9 Voytenco de Uni\u00f3n Argentina de Trabajadores Rurales y Estibadores (UATRE) y Carlos Freytes (FUNDAR).<\/p>\n<p>La senadora Crexell, para el llamado N\u00b011, propuso a Agust\u00edn Campero y Tom\u00e1s Karagozian y para el Nro. 12 Lousteau eligi\u00f3 a Diego Golombek, especialista en Ciencia y Tecnolog\u00eda y a Vanessa Ragone, representante de la C\u00e1mara Argentina Industria Cinematogr\u00e1fica.<\/p>\n<p>En las \u00faltimos dos instancias, los oradores ser\u00e1n los sugeridos por Tagliagerri y Di Tullio respectivamente: la primera opt\u00f3 por Rafael Rofman, especialista previsional y el director de cine Benjam\u00edn Naishtat y la segunda design\u00f3 a Hugo Godoy (CTA Aut\u00f3noma Nacional); a Estela de Carlotto, de Abuelas de Plaza de Mayo; Elio del Re de ADIMRA y Nancy Pazos, representante de Periodistas Argentinas.<\/p>\n","protected":false},"excerpt":{"rendered":"<p>La Reuni\u00f3n Plenaria que se realizar\u00e1 hoy de las comisiones de Legislaci\u00f3n General, de Presupuesto y Hacienda y de Asuntos Constitucionales tendr\u00e1 como invitados a sindicalistas, periodistas y diputados provinciales &nbsp; &nbsp; La lista de expositores que tendr\u00e1 hoy la Reuni\u00f3n Plenaria que se realizar\u00e1 en el Senado de la Naci\u00f3n, en las comisiones de Legislaci\u00f3n General, de Presupuesto y Hacienda y de Asuntos Constitucionales, fue presentada. La jornada estar\u00e1 dividida en 14 llamados y tendr\u00e1 como invitados a distintos sindicalistas, periodistas y diputados provinciales, entre otros. El primer llamado&#8230;<\/p>\n","protected":false},"author":3,"featured_media":114230,"comment_status":"closed","ping_status":"closed","sticky":false,"template":"","format":"standard","meta":[],"categories":[18],"tags":[],"_links":{"self":[{"href":"https:\/\/www.actualidadadiario.com\/index.php\/wp-json\/wp\/v2\/posts\/114384"}],"collection":[{"href":"https:\/\/www.actualidadadiario.com\/index.php\/wp-json\/wp\/v2\/posts"}],"about":[{"href":"https:\/\/www.actualidadadiario.com\/index.php\/wp-json\/wp\/v2\/types\/post"}],"author":[{"embeddable":true,"href":"https:\/\/www.actualidadadiario.com\/index.php\/wp-json\/wp\/v2\/users\/3"}],"replies":[{"embeddable":true,"href":"https:\/\/www.actualidadadiario.com\/index.php\/wp-json\/wp\/v2\/comments?post=114384"}],"version-history":[{"count":1,"href":"https:\/\/www.actualidadadiario.com\/index.php\/wp-json\/wp\/v2\/posts\/114384\/revisions"}],"predecessor-version":[{"id":114385,"href":"https:\/\/www.actualidadadiario.com\/index.php\/wp-json\/wp\/v2\/posts\/114384\/revisions\/114385"}],"wp:featuredmedia":[{"embeddable":true,"href":"https:\/\/www.actualidadadiario.com\/index.php\/wp-json\/wp\/v2\/media\/114230"}],"wp:attachment":[{"href":"https:\/\/www.actualidadadiario.com\/index.php\/wp-json\/wp\/v2\/media?parent=114384"}],"wp:term":[{"taxonomy":"category","embeddable":true,"href":"https:\/\/www.actualidadadiario.com\/index.php\/wp-json\/wp\/v2\/categories?post=114384"},{"taxonomy":"post_tag","embeddable":true,"href":"https:\/\/www.actualidadadiario.com\/index.php\/wp-json\/wp\/v2\/tags?post=114384"}],"curies":[{"name":"wp","href":"https:\/\/api.w.org\/{rel}","templated":true}]}}