{"id":114381,"date":"2024-05-13T11:40:21","date_gmt":"2024-05-13T14:40:21","guid":{"rendered":"https:\/\/www.actualidadadiario.com\/?p=114381"},"modified":"2024-05-13T11:40:21","modified_gmt":"2024-05-13T14:40:21","slug":"en-espana-convocan-a-manifestarse-contra-milei-repudian-su-visita-al-pais","status":"publish","type":"post","link":"https:\/\/www.actualidadadiario.com\/index.php\/2024\/05\/13\/en-espana-convocan-a-manifestarse-contra-milei-repudian-su-visita-al-pais\/","title":{"rendered":"En Espa\u00f1a convocan a manifestarse contra Milei: repudian su visita al pa\u00eds"},"content":{"rendered":"<p style=\"text-align: center;\"><em><strong>Un diputado espa\u00f1ol convoc\u00f3 a una marcha contra el presidente y habl\u00f3 de supuestos actos de corrupci\u00f3n vinculados a Karina Milei<\/strong><\/em><\/p>\n<p>&nbsp;<\/p>\n<p>&nbsp;<\/p>\n<p>El diputado espa\u00f1ol Gerardo Pisarello (Sumar) se expres\u00f3 en duros t\u00e9rminos contra Javier Mieli y llam\u00f3 a repudiar la visita del presidente argentino.<\/p>\n<p>Adem\u00e1s, apunt\u00f3 contra Karina Milei: \u201cLa hermana de Milei est\u00e1 acusada de tener millones de d\u00f3lares en una empresa offshore radicada en Miami\u201d.<\/p>\n<p>&nbsp;<\/p>\n<p><strong>Milei prepara su viaje a Espa\u00f1a<\/strong><\/p>\n<p>El presidente Javier Milei llegar\u00e1 a Espa\u00f1a el pr\u00f3ximo s\u00e1bado 18 para participar de una cumbre del partido de derecha Vox, en medio de la tensi\u00f3n que el libertario mantiene con el gobierno de Pedro S\u00e1nchez por las diferencias ideol\u00f3gicas, y que recientemente incluy\u00f3 un fuerte cruce con un ministro de ese pa\u00eds.<\/p>\n<p>Si bien, tras los nuevos roces entre ambos gobiernos, la Canciller\u00eda busc\u00f3 bajar el tono y tender puentes con la gesti\u00f3n socialista de Pedro S\u00e1nchez, lo cierto es que ahora Milei volver\u00e1 a mostrarse con el f\u00e9rreo opositor y su aliado internacional, Santiago Abascal, l\u00edder de Vox.<\/p>\n<p>La cumbre de Vox se realizar\u00e1 en Madrid el 18 y 19 de mayo, semanas antes de las elecciones al Parlamento Europeo, y en el evento, Abascal y los candidatos del partido presentar\u00e1n su programa para los comicios que se llevar\u00e1n a cabo en junio.<\/p>\n<p>Semanas atr\u00e1s, el mandatario argentino confirm\u00f3 en la red social X que iba a participar de esta cumbre y Abascal le respondi\u00f3: \u201cSer\u00e1 un placer y un orgullo recibirte de nuevo en el Europa Viva &#8217;24, querido Javier Milei\u201d.<\/p>\n<p>El estrecho lazo entre ambos qued\u00f3 de manifiesto en gestos como cuando el presidente de Vox particip\u00f3 de la investidura de Milei el 10 de diciembre y semanas m\u00e1s tarde, en enero de este a\u00f1o, el l\u00edder de La Libertad Avanza grab\u00f3 un mensaje que Abascal reprodujo al renovar por cuatro a\u00f1os la conducci\u00f3n del partido.<\/p>\n<p>Abascal es un duro cr\u00edtico del presidente de centroizquierda S\u00e1nchez, cuya gesti\u00f3n viene de protagonizar un fuerte cruce con la de Milei, luego de unas declaraciones del ministro espa\u00f1ol de Transportes, \u00d3scar Puente, en las que sugiri\u00f3 que el mandatario argentino dio un discurso supuestamente bajo el efecto de &#8220;sustancias&#8221;.<\/p>\n<p>De inmediato, la gesti\u00f3n libertaria respondi\u00f3 con una dura carta emitida por la Oficina del Presidente, en la que se sostuvo que &#8220;el gobierno de Pedro S\u00e1nchez tiene problemas m\u00e1s importantes de los que ocuparse, como las acusaciones de corrupci\u00f3n que caen sobre su esposa, asunto que lo llev\u00f3 incluso a evaluar su renuncia&#8221;.<\/p>\n<p>Esta semana, antes de su viaje a Espa\u00f1a, en agenda figura este martes el acto en Casa Rosada para instalar el busto de Carlos Menem en el Sal\u00f3n de los Bustos, con la presencia confirmada de la secretaria General de la Presidencia, Karina Milei, mientras que a\u00fan se desconoc\u00eda si el Presidente estar\u00e1 all\u00ed.<\/p>\n<p>Concurrir\u00e1n adem\u00e1s Zulemita Menem y otros miembros de la familia que integran la gesti\u00f3n libertaria, como el titular de la C\u00e1mara de Diputados, Mart\u00edn Menem, y el subsecretario de Gesti\u00f3n Institucional, Eduardo &#8220;Lule&#8221; Menem.<\/p>\n<p>Tras la actividad en Madrid, el fin de semana siguiente el Presidente tendr\u00eda la firma del Pacto de Mayo con los gobernadores que adhieran, en una ceremonia que se har\u00e1 en C\u00f3rdoba.<\/p>\n<p>En un primer momento el Gobierno hab\u00eda planteado que para concretar la firma del pacto ten\u00eda que ser necesario que antes se aprobara la Ley de Bases en ambas c\u00e1maras del Congreso.<\/p>\n<p>Pero luego funcionarios se\u00f1alaron que no era necesaria esa condici\u00f3n previa, en momentos en que el debate para sacar ese proyecto se viene estirando, m\u00e1s a\u00fan con el m\u00e1s que probable regreso de la discusi\u00f3n a Diputados, que ya le hab\u00eda dado media sanci\u00f3n, a ra\u00edz de los cambios que est\u00e1 exigiendo el Senado a la normativa.<\/p>\n","protected":false},"excerpt":{"rendered":"<p>Un diputado espa\u00f1ol convoc\u00f3 a una marcha contra el presidente y habl\u00f3 de supuestos actos de corrupci\u00f3n vinculados a Karina Milei &nbsp; &nbsp; El diputado espa\u00f1ol Gerardo Pisarello (Sumar) se expres\u00f3 en duros t\u00e9rminos contra Javier Mieli y llam\u00f3 a repudiar la visita del presidente argentino. Adem\u00e1s, apunt\u00f3 contra Karina Milei: \u201cLa hermana de Milei est\u00e1 acusada de tener millones de d\u00f3lares en una empresa offshore radicada en Miami\u201d. &nbsp; Milei prepara su viaje a Espa\u00f1a El presidente Javier Milei llegar\u00e1 a Espa\u00f1a el pr\u00f3ximo s\u00e1bado 18 para participar de&#8230;<\/p>\n","protected":false},"author":3,"featured_media":114382,"comment_status":"closed","ping_status":"closed","sticky":false,"template":"","format":"standard","meta":[],"categories":[18],"tags":[],"_links":{"self":[{"href":"https:\/\/www.actualidadadiario.com\/index.php\/wp-json\/wp\/v2\/posts\/114381"}],"collection":[{"href":"https:\/\/www.actualidadadiario.com\/index.php\/wp-json\/wp\/v2\/posts"}],"about":[{"href":"https:\/\/www.actualidadadiario.com\/index.php\/wp-json\/wp\/v2\/types\/post"}],"author":[{"embeddable":true,"href":"https:\/\/www.actualidadadiario.com\/index.php\/wp-json\/wp\/v2\/users\/3"}],"replies":[{"embeddable":true,"href":"https:\/\/www.actualidadadiario.com\/index.php\/wp-json\/wp\/v2\/comments?post=114381"}],"version-history":[{"count":1,"href":"https:\/\/www.actualidadadiario.com\/index.php\/wp-json\/wp\/v2\/posts\/114381\/revisions"}],"predecessor-version":[{"id":114383,"href":"https:\/\/www.actualidadadiario.com\/index.php\/wp-json\/wp\/v2\/posts\/114381\/revisions\/114383"}],"wp:featuredmedia":[{"embeddable":true,"href":"https:\/\/www.actualidadadiario.com\/index.php\/wp-json\/wp\/v2\/media\/114382"}],"wp:attachment":[{"href":"https:\/\/www.actualidadadiario.com\/index.php\/wp-json\/wp\/v2\/media?parent=114381"}],"wp:term":[{"taxonomy":"category","embeddable":true,"href":"https:\/\/www.actualidadadiario.com\/index.php\/wp-json\/wp\/v2\/categories?post=114381"},{"taxonomy":"post_tag","embeddable":true,"href":"https:\/\/www.actualidadadiario.com\/index.php\/wp-json\/wp\/v2\/tags?post=114381"}],"curies":[{"name":"wp","href":"https:\/\/api.w.org\/{rel}","templated":true}]}}