{"id":114379,"date":"2024-05-13T11:34:13","date_gmt":"2024-05-13T14:34:13","guid":{"rendered":"https:\/\/www.actualidadadiario.com\/?p=114379"},"modified":"2024-05-13T11:34:13","modified_gmt":"2024-05-13T14:34:13","slug":"senado-lousteau-exigio-tres-cambios-en-la-ley-de-bases-y-el-paquete-fiscal-para-votarla","status":"publish","type":"post","link":"https:\/\/www.actualidadadiario.com\/index.php\/2024\/05\/13\/senado-lousteau-exigio-tres-cambios-en-la-ley-de-bases-y-el-paquete-fiscal-para-votarla\/","title":{"rendered":"Senado: Lousteau exigi\u00f3 tres cambios en la Ley de Bases y el Paquete Fiscal para votarla"},"content":{"rendered":"<p style=\"text-align: center;\"><em><strong>El senador radical public\u00f3 este domingo un video con los tres cambios que exige para la Ley Bases y el paquete fiscal. El primer punto que pide Lousteau es &#8220;una recomposici\u00f3n de las jubilaciones y pensiones, que perdieron un gran porcentaje desde que asumi\u00f3 este Gobierno&#8221;, seg\u00fan argument\u00f3<\/strong><\/em><\/p>\n<p>&nbsp;<\/p>\n<p>&nbsp;<\/p>\n<p>Mientras sigue trabado en el Senado el debate por la ley de Bases y el paquete fiscal, el radical Mart\u00edn Lousteau sali\u00f3 a pedir tres cambios puntuales para acompa\u00f1ar los proyectos. Su voto es uno de los que se anticipa clave para que avancen. \u201cHay tres cosas que faltan en el paquete fiscal y en la ley bases. La primera es una recomposici\u00f3n de las jubilaciones y pensiones, que perdieron un gran porcentaje desde que asumi\u00f3 este gobierno\u201d, asegur\u00f3 Lousteau en un video subido a sus redes sociales durante la tarde-noche de hoy.<\/p>\n<p>\u201cLa segunda es un financiamiento a las universidades\u201d, sigui\u00f3 el legislador por la Ciudad de Buenos Aires, distrito que renueva las bancas de senador el a\u00f1o pr\u00f3ximo. Seg\u00fan Lousteau, \u201clos gastos de funcionamiento cayeron mucho y tienen riesgo de poder seguir continuando\u201d.<\/p>\n<p>En tercer lugar, el titular de la UCR dej\u00f3 en claro que la Argentina est\u00e1 \u201crepleta de obras p\u00fablicas peque\u00f1as a las que le falta muy poquito para ser terminadas\u201d y que \u201ces m\u00e1s caro pararlas y dejarlas caer, que terminar el financiamiento\u201d.<\/p>\n<p>A la hora del poroteo de votos en el Senado, Lousteau es uno de los que puede ser clave para la aprobaci\u00f3n o el rechazo de los proyectos, dada la divisi\u00f3n de fuerzas en la C\u00e1mara. El oficialismo es minor\u00eda y necesita de aliados para avanzar. Si hay cambios, el debate volver\u00e1 a Diputados, pero al menos el Gobierno se podr\u00e1 anotar otra victoria parcial.<\/p>\n<p>El ministro del Interior, Guillermo Francos, afirm\u00f3 que el Gobierno nacional tiene los &#8220;votos suficientes&#8221; para aprobar la Ley Bases que el presidente Javier Milei impulsa en el Congreso, luego de la media sanci\u00f3n que obtuvo la norma en Diputados. &#8220;Tenemos votos suficientes para aprobar la ley. Es m\u00e1s que una sensaci\u00f3n, es la relaci\u00f3n y la conversaci\u00f3n que tenemos con senadores. En algunos temas en particular pueden surgir diferencias, que muchas de ellas las incluiremos en el despacho porque clarifican algunos aspectos&#8221;, asegur\u00f3 Francos en declaraciones radiales.<\/p>\n<p>En esa l\u00ednea, el funcionario sostuvo que la C\u00e1mara Alta reviste &#8220;una complejidad diferente&#8221; a la C\u00e1mara Baja en cuanto a la aprobaci\u00f3n de la Ley Bases. &#8220;No me preocupa que haya modificaciones que mejoren la ley y despu\u00e9s la tratar\u00e1 Diputados y dir\u00e1 si la aprueba o no&#8221;.<\/p>\n","protected":false},"excerpt":{"rendered":"<p>El senador radical public\u00f3 este domingo un video con los tres cambios que exige para la Ley Bases y el paquete fiscal. El primer punto que pide Lousteau es &#8220;una recomposici\u00f3n de las jubilaciones y pensiones, que perdieron un gran porcentaje desde que asumi\u00f3 este Gobierno&#8221;, seg\u00fan argument\u00f3 &nbsp; &nbsp; Mientras sigue trabado en el Senado el debate por la ley de Bases y el paquete fiscal, el radical Mart\u00edn Lousteau sali\u00f3 a pedir tres cambios puntuales para acompa\u00f1ar los proyectos. Su voto es uno de los que se anticipa&#8230;<\/p>\n","protected":false},"author":3,"featured_media":113338,"comment_status":"closed","ping_status":"closed","sticky":false,"template":"","format":"standard","meta":[],"categories":[18],"tags":[],"_links":{"self":[{"href":"https:\/\/www.actualidadadiario.com\/index.php\/wp-json\/wp\/v2\/posts\/114379"}],"collection":[{"href":"https:\/\/www.actualidadadiario.com\/index.php\/wp-json\/wp\/v2\/posts"}],"about":[{"href":"https:\/\/www.actualidadadiario.com\/index.php\/wp-json\/wp\/v2\/types\/post"}],"author":[{"embeddable":true,"href":"https:\/\/www.actualidadadiario.com\/index.php\/wp-json\/wp\/v2\/users\/3"}],"replies":[{"embeddable":true,"href":"https:\/\/www.actualidadadiario.com\/index.php\/wp-json\/wp\/v2\/comments?post=114379"}],"version-history":[{"count":1,"href":"https:\/\/www.actualidadadiario.com\/index.php\/wp-json\/wp\/v2\/posts\/114379\/revisions"}],"predecessor-version":[{"id":114380,"href":"https:\/\/www.actualidadadiario.com\/index.php\/wp-json\/wp\/v2\/posts\/114379\/revisions\/114380"}],"wp:featuredmedia":[{"embeddable":true,"href":"https:\/\/www.actualidadadiario.com\/index.php\/wp-json\/wp\/v2\/media\/113338"}],"wp:attachment":[{"href":"https:\/\/www.actualidadadiario.com\/index.php\/wp-json\/wp\/v2\/media?parent=114379"}],"wp:term":[{"taxonomy":"category","embeddable":true,"href":"https:\/\/www.actualidadadiario.com\/index.php\/wp-json\/wp\/v2\/categories?post=114379"},{"taxonomy":"post_tag","embeddable":true,"href":"https:\/\/www.actualidadadiario.com\/index.php\/wp-json\/wp\/v2\/tags?post=114379"}],"curies":[{"name":"wp","href":"https:\/\/api.w.org\/{rel}","templated":true}]}}