{"id":114377,"date":"2024-05-13T11:33:36","date_gmt":"2024-05-13T14:33:36","guid":{"rendered":"https:\/\/www.actualidadadiario.com\/?p=114377"},"modified":"2024-05-13T11:33:36","modified_gmt":"2024-05-13T14:33:36","slug":"milei-sostiene-el-pacto-de-mayo-sin-ley-bases-y-con-el-gabinete-en-crisis","status":"publish","type":"post","link":"https:\/\/www.actualidadadiario.com\/index.php\/2024\/05\/13\/milei-sostiene-el-pacto-de-mayo-sin-ley-bases-y-con-el-gabinete-en-crisis\/","title":{"rendered":"Milei sostiene el Pacto de Mayo sin ley Bases y con el gabinete en crisis"},"content":{"rendered":"<p style=\"text-align: center;\"><em><strong>Javier Milei tiene en la mira a Nicol\u00e1s Posse y a Luis &#8220;Toto&#8221; Caputo. Resignaci\u00f3n a un Pacto de Mayo sin ley Bases ni pacto fiscal<\/strong><\/em><\/p>\n<p>&nbsp;<\/p>\n<p>&nbsp;<\/p>\n<p>Javier Milei cumpli\u00f3 cinco meses en la cima del poder sin leyes aprobadas en el Congreso, con el bloque de diputados fracturado y con la liga de Gobernadores dividida en el Senado frente a la Ley bases y el paquete fiscal. Dos iniciativas que el Presidente exigi\u00f3 que lleguen aprobadas al Pacto de Mayo en C\u00f3rdoba.<\/p>\n<p>El dif\u00edcil panorama pol\u00edtico que enfrenta la Casa Rosada se extiende al plano econ\u00f3mico. La inflaci\u00f3n se estacion\u00f3 en niveles similares a la gesti\u00f3n de Alberto Fern\u00e1ndez y no cede. El deterioro de la econom\u00eda y del poder adquisitivo de las familias oblig\u00f3 a posponer el tarifazo en luz y gas. Tambi\u00e9n La Libertad Avanza tuvo que frenar en la Justicia el aumento sin l\u00edmite en las prepagas que el mismo gobierno hab\u00eda autorizado. El ficticio super\u00e1vit, logrado frenando pagos a proveedores de energ\u00eda y ajustando al sector p\u00fablico, jubilados, salud y universidades, se esfumar\u00e1 en los pr\u00f3ximos meses.<\/p>\n<p>La liga de gobernadores, se\u00f1alada por Javier Milei como un grupo casi delincuencial que gasta fondos p\u00fablicos sin control, encontrar\u00e1 al Presidente en pleno retroceso el 25 de mayo en C\u00f3rdoba. El FMI tambi\u00e9n le reclama a Luis &#8220;Toto&#8221; Caputo que pague la deuda con las generadoras de energ\u00edas luego de ofrecer un bono en d\u00f3lares para saldar esos montos impagos. Sin financiamiento externo, el Ministro de Econom\u00eda empieza a tambalear en su cargo en una guerra sorda con el jefe de gabinete, Nicol\u00e1s Posse, quien desguaz\u00f3 la capacidad operativa del \u00e1rea de Capital Humano de Sandra Pettovello al pisarle los fondos para ayuda social. Posse, adem\u00e1s, tendr\u00e1 este mi\u00e9rcoles su primera prueba ante el Senado, donde deber\u00e1 realizar un balance de gesti\u00f3n.<\/p>\n<p>&nbsp;<\/p>\n<p><strong>Cruje el gabinete de Javier Milei<\/strong><\/p>\n<p>El avance de Posse sobre los Ministerios, tal cual ocurri\u00f3 sobre la cartera de Infraestructura que conduc\u00eda Guillermo Ferraro, genera tensiones dentro del gabinete. Posse no habla pero controla las firmas estatales a privatizar en medio de un grotesco desmanejo de cada uno de los ministerios, donde renuncia un funcionario cada seis d\u00edas y la falta de gesti\u00f3n espanta incluso al PRO de Mauricio Macri ya abiertamente enfrentado con Posse.<\/p>\n<p>A la tensi\u00f3n Caputo-Posse y Posse-Pettovello, se suma haber dejado a Guillermo Francos sin billetera durante el proceso de negociaci\u00f3n de la Ley bases con los gobernadores. Reci\u00e9n la semana pasada, el Ministro del Interior pudo comenzar a ofrecer obra p\u00fablica en las provincias. La crisis que padece Posse qued\u00f3 plasmada gr\u00e1ficamente la semana pasada cuando Karina Milei comand\u00f3 la reuni\u00f3n de gabinete junto al ministro coordinador y luego directamente lo suplant\u00f3 en la reuni\u00f3n con los diputados de LLA y el PRO para analizar el inminente regreso de la Ley bases a la C\u00e1mara baja.<\/p>\n<p>El cargo de Posse es codiciado por Patricia Bullrich, la \u00fanica ministra hiperactiva del gobierno de Javier Milei, quien funciona casi como vocera de la gesti\u00f3n. El resto de los ministros casi no se muestra. El Presidente sigue las aspiraciones de la excandidata presidencial de Juntos por el Cambio con atenci\u00f3n. Con Mauricio Macri casi fuera de foco, una mayor centralidad de Bullrich en el gabinete le servir\u00eda a la Casa Rosada para terminar de asimilar al PRO residual sin la necesidad de pasar por el peaje de Macri, quien reclama puestos en el gabinete.<\/p>\n<p>Esta semana, el Gobierno se ver\u00e1 obligado a ceder cambios en el R\u00e9gimen de Incentivos a las Grandes Inversiones (RIGI). Adem\u00e1s del plazo de 30 a\u00f1os para la explotaci\u00f3n de los recursos naturales, los gobernadores rechazan que los proveedores locales queden en una situaci\u00f3n de desventaja frente a productos importados que no pagar\u00edan aranceles, mientras que los proveedores nacionales deber\u00e1n hacerlo. El gobernador de La Rioja, Ricardo Quintela, advirti\u00f3 sobre las consecuencias de la aprobaci\u00f3n de la Ley Bases en el Senado y consider\u00f3 que el RIGI es &#8220;la entrega de la patria&#8221;.<\/p>\n<p>&nbsp;<\/p>\n<p><strong>El problema de la Ley bases<\/strong><\/p>\n<p>&#8220;Con la Ley Bases se va a generar un problema estructural muy dif\u00edcil de recomponer&#8221;, asegur\u00f3 Quintela, al tiempo que critic\u00f3 el r\u00e9gimen de promoci\u00f3n de inversiones que implica modificaciones en estatutos impositivos, aduaneros y cambiarios. &#8220;El RIGI es la entrega de la patria. Todos los beneficios se los dan a los grandes sin aportar nada al pa\u00eds y a los nuestros les exigen todo, retenciones, impuesto pa\u00eds para exportar y para importar&#8221;, alert\u00f3 el mandatario provincial.<\/p>\n<p>Quintela dijo adem\u00e1s que no &#8220;va a haber dictamen antes del Pacto de Mayo&#8221; y reiter\u00f3 su rechazo a la propuesta del Gobierno: &#8220;Nosotros no vamos a estar presentes y me parece que varios gobernadores m\u00e1s no van a estar&#8221;. En tanto, el gobernador riojano apunt\u00f3 contra el mandatario tucumano, Osvaldo Jaldo, quien hab\u00eda criticado el paro general de la CGT al considerar que los sindicalistas disponen una medida de fuerza para &#8220;quedarse durmiendo&#8221;. &#8220;Lo de Jaldo me parece inexplicable e inentendible&#8221;, sostuvo Quintela.<\/p>\n<p>Desde La Libertad Avanza, el senador Francisco Paoltroni se mostr\u00f3 confiado en que la Ley Bases &#8220;va a salir, con algunos peque\u00f1os cambios en Ganancias&#8221;, aunque se quej\u00f3 de que el oficialismo conseguir\u00e1 el triunfo legislativo &#8220;esperando, con mucha paciencia, tragando saliva&#8221;. El formose\u00f1o apunt\u00f3 contra la oposici\u00f3n y afirm\u00f3 que la iniciativa libertaria &#8220;est\u00e1 tan demorada porque hay un sector de la pol\u00edtica que apuesta al fracaso, como siempre han apostado al fracaso de los argentinos&#8221;. &#8220;Han metido siempre la m\u00e1quina de impedir. Son empobrecedores, son infames traidores a la Patria&#8221;, lanz\u00f3 el dirigente oficialista.<\/p>\n<p>Y a\u00f1adi\u00f3: &#8220;En cinco meses, la pol\u00edtica no le ha dado una sola herramienta al Presidente&#8221;. Paoltroni se\u00f1al\u00f3 que es &#8220;ultranecesario&#8221; el RIGI porque la Argentina &#8220;necesita desarrollar los otros sectores de la Econom\u00eda, porque es hiperdependiente del sector agropecuario&#8221;. Por otra parte, respecto al rechazo de las patag\u00f3nicas al restablecimiento de la cuarta categor\u00eda del Impuesto a las Ganancias, el senador de La Libertad Avanza expres\u00f3: &#8220;Eso es ajustable. Si se necesita un piso m\u00e1s, te pon\u00e9s de acuerdo. Es conversable&#8221;.<\/p>\n<p>&nbsp;<\/p>\n<p><strong>Viaje antes del Pacto de Mayo<\/strong><\/p>\n<p>Antes de viajar el 25 de Mayo a C\u00f3rdoba, con o sin sanci\u00f3n de la Ley de Bases dos y del paquete fiscal, est\u00e1 previsto que el jefe de Estado vuele rumbo a Madrid para participar el s\u00e1bado que viene all\u00ed en Espa\u00f1a en una cumbre del partido de derecha Vox, en medio de la tensi\u00f3n que el l\u00edder libertario mantiene con el gobierno de centro-izquierda de Pedro S\u00e1nchez por diferencias ideol\u00f3gicas y que recientemente incluy\u00f3 un fuerte cruce con un ministro de ese pa\u00eds, Oscar Puente, que sugiri\u00f3 que Milei se expresaba en p\u00fablico bajo los efectos de &#8220;sustancias&#8221;.<\/p>\n","protected":false},"excerpt":{"rendered":"<p>Javier Milei tiene en la mira a Nicol\u00e1s Posse y a Luis &#8220;Toto&#8221; Caputo. Resignaci\u00f3n a un Pacto de Mayo sin ley Bases ni pacto fiscal &nbsp; &nbsp; Javier Milei cumpli\u00f3 cinco meses en la cima del poder sin leyes aprobadas en el Congreso, con el bloque de diputados fracturado y con la liga de Gobernadores dividida en el Senado frente a la Ley bases y el paquete fiscal. Dos iniciativas que el Presidente exigi\u00f3 que lleguen aprobadas al Pacto de Mayo en C\u00f3rdoba. El dif\u00edcil panorama pol\u00edtico que enfrenta&#8230;<\/p>\n","protected":false},"author":3,"featured_media":111921,"comment_status":"closed","ping_status":"closed","sticky":false,"template":"","format":"standard","meta":[],"categories":[9],"tags":[],"_links":{"self":[{"href":"https:\/\/www.actualidadadiario.com\/index.php\/wp-json\/wp\/v2\/posts\/114377"}],"collection":[{"href":"https:\/\/www.actualidadadiario.com\/index.php\/wp-json\/wp\/v2\/posts"}],"about":[{"href":"https:\/\/www.actualidadadiario.com\/index.php\/wp-json\/wp\/v2\/types\/post"}],"author":[{"embeddable":true,"href":"https:\/\/www.actualidadadiario.com\/index.php\/wp-json\/wp\/v2\/users\/3"}],"replies":[{"embeddable":true,"href":"https:\/\/www.actualidadadiario.com\/index.php\/wp-json\/wp\/v2\/comments?post=114377"}],"version-history":[{"count":1,"href":"https:\/\/www.actualidadadiario.com\/index.php\/wp-json\/wp\/v2\/posts\/114377\/revisions"}],"predecessor-version":[{"id":114378,"href":"https:\/\/www.actualidadadiario.com\/index.php\/wp-json\/wp\/v2\/posts\/114377\/revisions\/114378"}],"wp:featuredmedia":[{"embeddable":true,"href":"https:\/\/www.actualidadadiario.com\/index.php\/wp-json\/wp\/v2\/media\/111921"}],"wp:attachment":[{"href":"https:\/\/www.actualidadadiario.com\/index.php\/wp-json\/wp\/v2\/media?parent=114377"}],"wp:term":[{"taxonomy":"category","embeddable":true,"href":"https:\/\/www.actualidadadiario.com\/index.php\/wp-json\/wp\/v2\/categories?post=114377"},{"taxonomy":"post_tag","embeddable":true,"href":"https:\/\/www.actualidadadiario.com\/index.php\/wp-json\/wp\/v2\/tags?post=114377"}],"curies":[{"name":"wp","href":"https:\/\/api.w.org\/{rel}","templated":true}]}}