{"id":114374,"date":"2024-05-13T11:32:42","date_gmt":"2024-05-13T14:32:42","guid":{"rendered":"https:\/\/www.actualidadadiario.com\/?p=114374"},"modified":"2024-05-13T11:32:42","modified_gmt":"2024-05-13T14:32:42","slug":"actividad-deprimida-anticipan-que-el-trabajo-en-blanco-seguira-en-baja","status":"publish","type":"post","link":"https:\/\/www.actualidadadiario.com\/index.php\/2024\/05\/13\/actividad-deprimida-anticipan-que-el-trabajo-en-blanco-seguira-en-baja\/","title":{"rendered":"Actividad deprimida: anticipan que el trabajo en blanco seguir\u00e1 en baja"},"content":{"rendered":"<p style=\"text-align: center;\"><em><strong>El empleo registrado cay\u00f3 un 0,5% en marzo, seg\u00fan la encuesta a empresas privadas y marca la cuarta baja mensual consecutiva. La otra cara es la contracci\u00f3n en la actividad econ\u00f3mica, cuya recuperaci\u00f3n en &#8216;V&#8217; no se presentar\u00e1 en el corto<\/strong><\/em><\/p>\n<p>&nbsp;<\/p>\n<p>&nbsp;<\/p>\n<p>El empleo asalariado registrado privado cay\u00f3 un 0,3% mensual en febrero, seg\u00fan los \u00faltimos datos oficiales. Las empresas consultadas a trav\u00e9s de la Encuesta de Indicadores Laborales (EIL) que realiza todos los meses la Secretar\u00eda de Trabajo, proyectaron una profundizaci\u00f3n de la tendencia contractiva con una baja del 0,5% en marzo. La ca\u00edda en los puestos de trabajo de calidad va de la mano con la recesi\u00f3n. Si bien en abril algunos sectores de la econom\u00eda presentaron mejoras, los analistas &#8220;descartaron una recuperaci\u00f3n en forma de V&#8221; y alertaron que el PBI &#8220;seguir\u00e1 deprimido en el corto plazo&#8221;.<\/p>\n<p>La Secretar\u00eda de Trabajo public\u00f3 el informe de Situaci\u00f3n y evoluci\u00f3n del trabajo registrado con datos de febrero, basado en la poblaci\u00f3n ocupada declarada en el SIPA. El estudio revel\u00f3 que, &#8220;luego de que se observaran tasas de variaci\u00f3n mensual positivas en el empleo registrado privado de forma ininterrumpida entre agosto 2020 y agosto 2023&#8221;, el empleo empez\u00f3 a caer a partir de septiembre del a\u00f1o pasado.<\/p>\n<p>&#8220;En un principio, las ca\u00eddas se encontraban entre 0,1% y 0,2%.\u00a0 Sin embargo, a partir de 2024 parece haberse intensificado el proceso de destrucci\u00f3n de empleo, alcanzando tasas (negativas) del 0,5% en enero y del 0,3% en febrero&#8221;, destac\u00f3 la Secretar\u00eda.<\/p>\n<p>Para marzo, la EIL que lleva a cabo la misma entidad, mostr\u00f3 proyecciones empresarias de una baja de 0,5%, lo que profundiz\u00f3 la tendencia a la baja, que &#8220;acumul\u00f3 entre noviembre de 2023 y marzo de 2024 una reducci\u00f3n de 1,4%&#8221;.<\/p>\n<p>Las contrataciones de personal en marzo &#8220;se ubicaron en 1,6%, un valor bajo en t\u00e9rminos hist\u00f3ricos, solo en marzo de 2001 (1,5%) en plena crisis y en abril de 2020 (1,4%) por influencia de la pandemia, las incorporaciones tuvieron un nivel inferior al actual&#8221;. En cambio, la tasa de desvinculaciones observada en la EIL de marzo fue de 2,6%.<\/p>\n<p>La ca\u00edda en los puestos de trabajo de calidad va de la mano con la recesi\u00f3n, la reducci\u00f3n en el consumo y la alta inflaci\u00f3n. Hacia fines de abril, algunos rubros de la actividad econ\u00f3mica empezaron a recuperarse. Sin embargo, uno de los sectores que explic\u00f3 la contracci\u00f3n del empleo en febrero fue la construcci\u00f3n que &#8220;dej\u00f3 de crecer en junio 2023 y se encuentra acelerando su ritmo de ca\u00edda&#8221;. Seg\u00fan el Indec, el derrumbe interanual de la construcci\u00f3n fue del 42,2% anual en marzo, volviendo a valores similares a los del primer trimestre del 2020.<\/p>\n<p>La consultora Invecq se\u00f1al\u00f3 que &#8220;en abril, algunos sectores comenzaron a mostrar una recuperaci\u00f3n en t\u00e9rminos interanuales con respecto al mes previo, pero a\u00fan contin\u00faan en terreno negativo&#8221; y dio como ejemplo las ventas minoristas medidas por CAME, que cayeron un 7,3% frene a la baja del 12,6% en marzo.<\/p>\n<p>&#8220;El inicio del segundo trimestre llega con una morigeraci\u00f3n de la intensidad de la ca\u00edda de la actividad econ\u00f3mica en gran parte de estos sectores, demostrando as\u00ed que marzo podr\u00eda haber marcado un piso de la recesi\u00f3n.\u00a0 A\u00fan quedan sectores e indicadores que muestran un empeoramiento en t\u00e9rminos interanuales, por lo que a\u00fan no hay se\u00f1ales de que se comience a dar la tan anunciada salida en V&#8221;, advirti\u00f3 Invecq.<\/p>\n<p>Al respecto, la consultora LCG &#8220;descart\u00f3 una recuperaci\u00f3n en forma de V&#8221; y se\u00f1al\u00f3 que &#8220;en el corto plazo la actividad seguir\u00e1 deprimida&#8221;. De hecho, destac\u00f3: &#8220;La ca\u00edda vertical del PBI que observamos desde noviembre del a\u00f1o pasado, podr\u00e1 encontrar un piso (los indicadores de avance de abril empiezan a ser mejores que los de marzo) y hasta mostrar un rebote a partir de la recuperaci\u00f3n (marginal) de los salarios, pero no mucho m\u00e1s. En nuestra visi\u00f3n, perforar el \u00faltimo techo de actividad alcanzado en 2011 llevar\u00e1 tiempo&#8221;.<\/p>\n","protected":false},"excerpt":{"rendered":"<p>El empleo registrado cay\u00f3 un 0,5% en marzo, seg\u00fan la encuesta a empresas privadas y marca la cuarta baja mensual consecutiva. La otra cara es la contracci\u00f3n en la actividad econ\u00f3mica, cuya recuperaci\u00f3n en &#8216;V&#8217; no se presentar\u00e1 en el corto &nbsp; &nbsp; El empleo asalariado registrado privado cay\u00f3 un 0,3% mensual en febrero, seg\u00fan los \u00faltimos datos oficiales. Las empresas consultadas a trav\u00e9s de la Encuesta de Indicadores Laborales (EIL) que realiza todos los meses la Secretar\u00eda de Trabajo, proyectaron una profundizaci\u00f3n de la tendencia contractiva con una baja&#8230;<\/p>\n","protected":false},"author":3,"featured_media":114375,"comment_status":"closed","ping_status":"closed","sticky":false,"template":"","format":"standard","meta":[],"categories":[9],"tags":[],"_links":{"self":[{"href":"https:\/\/www.actualidadadiario.com\/index.php\/wp-json\/wp\/v2\/posts\/114374"}],"collection":[{"href":"https:\/\/www.actualidadadiario.com\/index.php\/wp-json\/wp\/v2\/posts"}],"about":[{"href":"https:\/\/www.actualidadadiario.com\/index.php\/wp-json\/wp\/v2\/types\/post"}],"author":[{"embeddable":true,"href":"https:\/\/www.actualidadadiario.com\/index.php\/wp-json\/wp\/v2\/users\/3"}],"replies":[{"embeddable":true,"href":"https:\/\/www.actualidadadiario.com\/index.php\/wp-json\/wp\/v2\/comments?post=114374"}],"version-history":[{"count":1,"href":"https:\/\/www.actualidadadiario.com\/index.php\/wp-json\/wp\/v2\/posts\/114374\/revisions"}],"predecessor-version":[{"id":114376,"href":"https:\/\/www.actualidadadiario.com\/index.php\/wp-json\/wp\/v2\/posts\/114374\/revisions\/114376"}],"wp:featuredmedia":[{"embeddable":true,"href":"https:\/\/www.actualidadadiario.com\/index.php\/wp-json\/wp\/v2\/media\/114375"}],"wp:attachment":[{"href":"https:\/\/www.actualidadadiario.com\/index.php\/wp-json\/wp\/v2\/media?parent=114374"}],"wp:term":[{"taxonomy":"category","embeddable":true,"href":"https:\/\/www.actualidadadiario.com\/index.php\/wp-json\/wp\/v2\/categories?post=114374"},{"taxonomy":"post_tag","embeddable":true,"href":"https:\/\/www.actualidadadiario.com\/index.php\/wp-json\/wp\/v2\/tags?post=114374"}],"curies":[{"name":"wp","href":"https:\/\/api.w.org\/{rel}","templated":true}]}}