{"id":114365,"date":"2024-05-13T11:11:03","date_gmt":"2024-05-13T14:11:03","guid":{"rendered":"https:\/\/www.actualidadadiario.com\/?p=114365"},"modified":"2024-05-13T11:11:03","modified_gmt":"2024-05-13T14:11:03","slug":"oficializan-la-derogacion-de-la-cedula-azul","status":"publish","type":"post","link":"https:\/\/www.actualidadadiario.com\/index.php\/2024\/05\/13\/oficializan-la-derogacion-de-la-cedula-azul\/","title":{"rendered":"Oficializan la derogaci\u00f3n de la c\u00e9dula azul"},"content":{"rendered":"<p style=\"text-align: center;\"><em><strong>A trav\u00e9s del Bolet\u00edn Oficial, el Gobierno modific\u00f3 la documentaci\u00f3n necesaria para manejar y tambi\u00e9n introdujo cambios en su fecha de vencimiento<\/strong><\/em><\/p>\n<p>&nbsp;<\/p>\n<p>&nbsp;<\/p>\n<p>Tal como lo hab\u00eda anticipado a comienzos de mayo, el Gobierno derog\u00f3 el uso de la C\u00e9dula Azul para conducir un veh\u00edculo y estableci\u00f3 que la C\u00e9dula Verde no tendr\u00e1 fecha de vencimiento. Ambas medidas entraron en vigencia de manera oficial a partir de este lunes.<\/p>\n<p>La Disposici\u00f3n 29\/2024 de la Direcci\u00f3n Nacional de los Registros Nacionales de la Propiedad del Automotor (DNRPA), publicado en el Bolet\u00edn Oficial, se basa en el DNU 70\/2023 que estableci\u00f3 el no vencimiento de las C\u00e9dulas de Identificaci\u00f3n.<\/p>\n<p>El Gobierno explic\u00f3 que la C\u00e9dula Azul, por la cual el titular de un veh\u00edculo puede autorizar a un tercero a conducirlo, puede ser reemplazada &#8220;a trav\u00e9s de la entrega f\u00edsica de la C\u00e9dula de Identificaci\u00f3n, en tanto y en cuanto la misma no se encuentre vencida&#8221;. Como la C\u00e9dula Verde ya no vence, consider\u00f3 que la Azul &#8220;carecer\u00eda de sustento y aplicaci\u00f3n pr\u00e1cticos&#8221;.<\/p>\n<p>Adem\u00e1s, tambi\u00e9n se elimin\u00f3 el Certificado de Transferencia Automotor (CETA) que obligaba al ciudadano a reportar la venta de su veh\u00edculo a la AFIP. De esta manera, a partir de este lunes cualquier persona podr\u00e1 circular en la Argentina con la sola exhibici\u00f3n -f\u00edsica o digital- de la C\u00e9dula Verde del titular del autom\u00f3vil.<\/p>\n","protected":false},"excerpt":{"rendered":"<p>A trav\u00e9s del Bolet\u00edn Oficial, el Gobierno modific\u00f3 la documentaci\u00f3n necesaria para manejar y tambi\u00e9n introdujo cambios en su fecha de vencimiento &nbsp; &nbsp; Tal como lo hab\u00eda anticipado a comienzos de mayo, el Gobierno derog\u00f3 el uso de la C\u00e9dula Azul para conducir un veh\u00edculo y estableci\u00f3 que la C\u00e9dula Verde no tendr\u00e1 fecha de vencimiento. Ambas medidas entraron en vigencia de manera oficial a partir de este lunes. La Disposici\u00f3n 29\/2024 de la Direcci\u00f3n Nacional de los Registros Nacionales de la Propiedad del Automotor (DNRPA), publicado en el&#8230;<\/p>\n","protected":false},"author":3,"featured_media":114366,"comment_status":"closed","ping_status":"closed","sticky":false,"template":"","format":"standard","meta":[],"categories":[2],"tags":[],"_links":{"self":[{"href":"https:\/\/www.actualidadadiario.com\/index.php\/wp-json\/wp\/v2\/posts\/114365"}],"collection":[{"href":"https:\/\/www.actualidadadiario.com\/index.php\/wp-json\/wp\/v2\/posts"}],"about":[{"href":"https:\/\/www.actualidadadiario.com\/index.php\/wp-json\/wp\/v2\/types\/post"}],"author":[{"embeddable":true,"href":"https:\/\/www.actualidadadiario.com\/index.php\/wp-json\/wp\/v2\/users\/3"}],"replies":[{"embeddable":true,"href":"https:\/\/www.actualidadadiario.com\/index.php\/wp-json\/wp\/v2\/comments?post=114365"}],"version-history":[{"count":1,"href":"https:\/\/www.actualidadadiario.com\/index.php\/wp-json\/wp\/v2\/posts\/114365\/revisions"}],"predecessor-version":[{"id":114367,"href":"https:\/\/www.actualidadadiario.com\/index.php\/wp-json\/wp\/v2\/posts\/114365\/revisions\/114367"}],"wp:featuredmedia":[{"embeddable":true,"href":"https:\/\/www.actualidadadiario.com\/index.php\/wp-json\/wp\/v2\/media\/114366"}],"wp:attachment":[{"href":"https:\/\/www.actualidadadiario.com\/index.php\/wp-json\/wp\/v2\/media?parent=114365"}],"wp:term":[{"taxonomy":"category","embeddable":true,"href":"https:\/\/www.actualidadadiario.com\/index.php\/wp-json\/wp\/v2\/categories?post=114365"},{"taxonomy":"post_tag","embeddable":true,"href":"https:\/\/www.actualidadadiario.com\/index.php\/wp-json\/wp\/v2\/tags?post=114365"}],"curies":[{"name":"wp","href":"https:\/\/api.w.org\/{rel}","templated":true}]}}