{"id":114358,"date":"2024-05-13T11:08:13","date_gmt":"2024-05-13T14:08:13","guid":{"rendered":"https:\/\/www.actualidadadiario.com\/?p=114358"},"modified":"2024-05-13T11:08:13","modified_gmt":"2024-05-13T14:08:13","slug":"tarifas-para-que-no-acelere-la-inflacion-oficializan-la-suspension-de-aumentos","status":"publish","type":"post","link":"https:\/\/www.actualidadadiario.com\/index.php\/2024\/05\/13\/tarifas-para-que-no-acelere-la-inflacion-oficializan-la-suspension-de-aumentos\/","title":{"rendered":"Tarifas: para que no acelere la inflaci\u00f3n, oficializan la suspensi\u00f3n de aumentos"},"content":{"rendered":"<p style=\"text-align: center;\"><em><strong>La decisi\u00f3n se conoc\u00eda desde el 30 de abril y ahora se dio el paso administrativo<\/strong><\/em><\/p>\n<p>&nbsp;<\/p>\n<p>&nbsp;<\/p>\n<p>El ministro de Econom\u00eda, Luis Caputo, oficializ\u00f3 la suspensi\u00f3n de\u00a0 la actualizaci\u00f3n de las tarifas de luz y gas previsto para mayo para que no impacte en la inflaci\u00f3n, A trav\u00e9s de una carta enviada al secretario de Energ\u00eda, Eduardo Rodr\u00edguez Chirillo. As\u00ed, oficializ\u00f3 la decisi\u00f3n que se conoc\u00eda desde el 30 de abril, pero que necesitaba el proceso administrativo para su implementaci\u00f3n.<\/p>\n<p>\u201cCon el objeto de consolidar el proceso de desinflaci\u00f3n llevado a cabo por el Gobierno, verificado a la fecha, resulta razonable y prudente postergar en el mes de mayo la aplicaci\u00f3n efectiva de las actualizaciones dispuestas en las resoluciones de los entes reguladores y los aumentos del PEST correspondiente a energ\u00eda el\u00e9ctrica y del PIST en el gas\u201d, dice la misiva a la que tuvo acceso el medio EconoJournal.<\/p>\n<p>Si no se suspend\u00edan estas subas, los usuarios de un hogar N1 (altos ingresos) hubieran percibido un incremento del 77% en el precio mayorista de la energ\u00eda. En tanto, en la boleta de gas implicaba, por ejemplo, que un usuario residencial del segmento 1 (altos ingresos) pasara de pagar en abril US$2,79 por mill\u00f3n de BTU a U$S4,49.<\/p>\n<p>De acuerdo a lo que explicaron fuentes oficiales que cit\u00f3 TN, se trata de una \u201csuspensi\u00f3n del ajuste mensual que se iba a reflejar en los nuevos cuadros tarifarios que deb\u00edan publicar el ENRE y el ENARGAS. Se busca as\u00ed alivianar la carga sobre la clase media y priorizar el proceso de deflaci\u00f3n\u201d.<\/p>\n<p>Con esta decisi\u00f3n, el Gobierno apela a mostrar que el \u00edndice de precios mantiene un proceso de desaceleraci\u00f3n y que se acerca a cumplir su meta de un d\u00edgito.<\/p>\n<p>Se espera que retome los cronogramas en junio al indicar que los entes reguladores deben proceder \u201cexclusivamente a la postergaci\u00f3n en el mes de mayo de la aplicaci\u00f3n de las actualizaciones dispuestas\u201d. Es decir, que las subas impactar\u00edan reci\u00e9n en las facturas que llegar\u00e1n en julio.<\/p>\n<p>El 1 de Mayo, Caputo hab\u00eda dicho que Econom\u00eda est\u00e1 &#8220;est\u00e1 c\u00f3moda en lo fiscal&#8221; y que por ello &#8220;priorizaron bajar la inflaci\u00f3n y no cargar m\u00e1s con gastos a la clase media&#8221;.<\/p>\n<p>&nbsp;<\/p>\n<p><strong>Cu\u00e1nto aument\u00f3 la luz y el gas <\/strong><\/p>\n<p>En febrero, Energ\u00eda aplic\u00f3 un aumento en el precio mayorista del servicio el\u00e9ctrico y hubo subas en las tarifas de hasta un 120% para los sectores de mayores ingresos, uno de los componentes de la tarifa total que impact\u00f3 solamente sobre usuarios residenciales que est\u00e1n catalogados como \u201cNivel 1 de la segmentaci\u00f3n\u201d y que renunciaron o no pidieron los subsidios a la energ\u00eda. El sector alcanzado por los cambios definidos en la Resoluci\u00f3n 7\/2024 firmada por el secretario de Energ\u00eda, representa aproximadamente a un 30% del total de los hogares.<\/p>\n<p>Desde la cartera energ\u00e9tica aseguran que esta medida \u201cno pone en juego la sostenibilidad del sistema\u201d. \u201cHeredamos un sistema energ\u00e9tico desinvertido, desfinanciado, al borde del colapso y con tarifas congeladas. En 5 meses, estamos haciendo una recomposici\u00f3n tarifaria hist\u00f3rica y achicando la brecha para que las tarifas reflejen el costo de suministro\u201d, se\u00f1alaron.<\/p>\n","protected":false},"excerpt":{"rendered":"<p>La decisi\u00f3n se conoc\u00eda desde el 30 de abril y ahora se dio el paso administrativo &nbsp; &nbsp; El ministro de Econom\u00eda, Luis Caputo, oficializ\u00f3 la suspensi\u00f3n de\u00a0 la actualizaci\u00f3n de las tarifas de luz y gas previsto para mayo para que no impacte en la inflaci\u00f3n, A trav\u00e9s de una carta enviada al secretario de Energ\u00eda, Eduardo Rodr\u00edguez Chirillo. As\u00ed, oficializ\u00f3 la decisi\u00f3n que se conoc\u00eda desde el 30 de abril, pero que necesitaba el proceso administrativo para su implementaci\u00f3n. \u201cCon el objeto de consolidar el proceso de desinflaci\u00f3n&#8230;<\/p>\n","protected":false},"author":3,"featured_media":84938,"comment_status":"closed","ping_status":"closed","sticky":false,"template":"","format":"standard","meta":[],"categories":[9],"tags":[],"_links":{"self":[{"href":"https:\/\/www.actualidadadiario.com\/index.php\/wp-json\/wp\/v2\/posts\/114358"}],"collection":[{"href":"https:\/\/www.actualidadadiario.com\/index.php\/wp-json\/wp\/v2\/posts"}],"about":[{"href":"https:\/\/www.actualidadadiario.com\/index.php\/wp-json\/wp\/v2\/types\/post"}],"author":[{"embeddable":true,"href":"https:\/\/www.actualidadadiario.com\/index.php\/wp-json\/wp\/v2\/users\/3"}],"replies":[{"embeddable":true,"href":"https:\/\/www.actualidadadiario.com\/index.php\/wp-json\/wp\/v2\/comments?post=114358"}],"version-history":[{"count":1,"href":"https:\/\/www.actualidadadiario.com\/index.php\/wp-json\/wp\/v2\/posts\/114358\/revisions"}],"predecessor-version":[{"id":114359,"href":"https:\/\/www.actualidadadiario.com\/index.php\/wp-json\/wp\/v2\/posts\/114358\/revisions\/114359"}],"wp:featuredmedia":[{"embeddable":true,"href":"https:\/\/www.actualidadadiario.com\/index.php\/wp-json\/wp\/v2\/media\/84938"}],"wp:attachment":[{"href":"https:\/\/www.actualidadadiario.com\/index.php\/wp-json\/wp\/v2\/media?parent=114358"}],"wp:term":[{"taxonomy":"category","embeddable":true,"href":"https:\/\/www.actualidadadiario.com\/index.php\/wp-json\/wp\/v2\/categories?post=114358"},{"taxonomy":"post_tag","embeddable":true,"href":"https:\/\/www.actualidadadiario.com\/index.php\/wp-json\/wp\/v2\/tags?post=114358"}],"curies":[{"name":"wp","href":"https:\/\/api.w.org\/{rel}","templated":true}]}}