{"id":114356,"date":"2024-05-13T11:07:29","date_gmt":"2024-05-13T14:07:29","guid":{"rendered":"https:\/\/www.actualidadadiario.com\/?p=114356"},"modified":"2024-05-13T11:07:29","modified_gmt":"2024-05-13T14:07:29","slug":"el-consumo-y-el-salario-cayeron-en-marzo-se-esfuma-la-posibilidad-de-una-rapida-recuperacion","status":"publish","type":"post","link":"https:\/\/www.actualidadadiario.com\/index.php\/2024\/05\/13\/el-consumo-y-el-salario-cayeron-en-marzo-se-esfuma-la-posibilidad-de-una-rapida-recuperacion\/","title":{"rendered":"El consumo y el salario cayeron en marzo: se esfuma la posibilidad de una r\u00e1pida recuperaci\u00f3n"},"content":{"rendered":"<p style=\"text-align: center;\"><em><strong>Los salarios registrados no sostuvieron la recuperaci\u00f3n de febrero. En este sentido, consultoras sostienen que va a ser dif\u00edcil que haya recuperaci\u00f3n del consumo<\/strong><\/em><\/p>\n<p>&nbsp;<\/p>\n<p>&nbsp;<\/p>\n<p>Los salarios formales volvieron a caer durante marzo: la baja fue de 0,6% real mensual. Se trata un retroceso contra la leve recuperaci\u00f3n que hab\u00edan exhibido en febrero, dato que hab\u00eda sido celebrado tanto por el presidente Javier Milei como por el ministro de Econom\u00eda, Luis Caputo, como una se\u00f1al de la reactivaci\u00f3n de la econom\u00eda. Desde diciembre, los salarios formales arrastran una ca\u00edda del 15,2% ajustado por inflaci\u00f3n. Esta baja del poder adquisitivo tambi\u00e9n tuvo su correlato en el desplome del consumo que, seg\u00fan mediciones privadas, anot\u00f3 una contracci\u00f3n del 17% mensual. Por eso, diferentes consultoras coincidieron en que es poco probable que el repunte de la econom\u00eda ocurra por el lado del mercado interno.<\/p>\n<p>Durante los primeros tres meses del a\u00f1o, los trabajadores del sector privado registrado experimentaron una mejora nominal de 50,5%, mientras fue de apenas 43,2% para los del sector p\u00fablico. Desde Ecolatina explicaron que &#8220;si bien la diferencia es considerable, no deber\u00eda ser una sorpresa: las remuneraciones a los trabajadores p\u00fablicos (incluso pese a ser una l\u00ednea del gasto no tan significativa) fueron una de las partidas que sufrieron una &#8216;licuaci\u00f3n&#8217; desde el cambio de mandato.&#8221;<\/p>\n<p>&#8220;Tan s\u00f3lo con sumar diciembre, el deterioro del poder adquisitivo supera 15% (y alcanza 18% si sumamos noviembre), valores que son incluso m\u00e1s bajos para los trabajadores p\u00fablicos (pierden m\u00e1s de 20% respecto a diciembre y casi 25% con relaci\u00f3n a noviembre)&#8221;, agregaron. Por este motivo, sostuvieron que, incluso entre los trabajadores formales del sector privado, &#8220;la r\u00e1pida desaceleraci\u00f3n de la inflaci\u00f3n no fue suficiente para que el poder de compra se recomponga del golpe generado a finales del a\u00f1o pasado&#8221;.<\/p>\n<p>ACM analiz\u00f3 la evoluci\u00f3n del salario real en comparaci\u00f3n con la inflaci\u00f3n en alimentos, uno de los principales componentes en el gasto de consumo. &#8220;En concreto, el salario real del sector privado registrado medido mediante el IPC exhibe una ca\u00edda de 14,5% anual, mientras que cuando se compara con la inflaci\u00f3n espec\u00edfica de alimentos, se observa una ca\u00edda del 18,8% anual. Esto permite visualizar de manera m\u00e1s clara el impacto que la inflaci\u00f3n de alimentos est\u00e1 teniendo sobre los salarios&#8221;, explic\u00f3 la consultora.<\/p>\n<p>&nbsp;<\/p>\n<p><strong>Los salarios, el consumo y el rebote de la econom\u00eda<\/strong><\/p>\n<p>D\u00edas atr\u00e1s, Milei hab\u00eda afirmado que &#8220;los salarios ya han empezado a ganarle a la inflaci\u00f3n, eso va a implicar una recomposici\u00f3n de los ingresos de los trabajadores&#8221;. El dato que tom\u00f3 de referencia fue el del salario privado registrado de febrero, que hab\u00eda exhibido una leve recuperaci\u00f3n real del 1,1% contra enero. N\u00famero que tambi\u00e9n fue usado a fines del mes pasado por Caputo. &#8220;En general, estos indicadores suelen ser una se\u00f1al de recuperaci\u00f3n&#8221;, hab\u00eda dicho el funcionario ante empresarios.<\/p>\n<p>Sin embargo, seg\u00fan la consultora Focus Market, el consumo masivo cay\u00f3 un 17,1% contra marzo y un 20,4% en la comparaci\u00f3n interanual. Adem\u00e1s, el IVA DGI, otro indicador del consumo interno, cay\u00f3 un 10,8% real contra abril del a\u00f1o pasado y en el acumulado de 2024 ese n\u00famero se eleva hasta el 13,6%.<\/p>\n<p>La consultora PxQ se refiri\u00f3 al impacto de la devaluaci\u00f3n y la baja del gasto p\u00fablico y consider\u00f3 que &#8220;el impacto negativo en la actividad del ajuste fiscal y el adelantamiento del tipo de cambio y los precios privados hace imposible pensar en el consumo como el principal impulsor del crecimiento en el corto plazo&#8221;.<\/p>\n<p>A una conclusi\u00f3n similar lleg\u00f3 Ecolatina, que consider\u00f3 que &#8220;la fijaci\u00f3n de salarios en funci\u00f3n de la din\u00e1mica descendente de los precios impedir\u00e1 que a lo largo del a\u00f1o los ingresos recompongan el poder adquisitivo perdido&#8221;. Y agreg\u00f3 que &#8220;resulta dif\u00edcil pensar que una lenta recuperaci\u00f3n del salario real en los pr\u00f3ximos meses sea un factor que colabore con una r\u00e1pida recuperaci\u00f3n de la econom\u00eda&#8221;.<\/p>\n","protected":false},"excerpt":{"rendered":"<p>Los salarios registrados no sostuvieron la recuperaci\u00f3n de febrero. En este sentido, consultoras sostienen que va a ser dif\u00edcil que haya recuperaci\u00f3n del consumo &nbsp; &nbsp; Los salarios formales volvieron a caer durante marzo: la baja fue de 0,6% real mensual. Se trata un retroceso contra la leve recuperaci\u00f3n que hab\u00edan exhibido en febrero, dato que hab\u00eda sido celebrado tanto por el presidente Javier Milei como por el ministro de Econom\u00eda, Luis Caputo, como una se\u00f1al de la reactivaci\u00f3n de la econom\u00eda. Desde diciembre, los salarios formales arrastran una ca\u00edda&#8230;<\/p>\n","protected":false},"author":3,"featured_media":48084,"comment_status":"closed","ping_status":"closed","sticky":false,"template":"","format":"standard","meta":[],"categories":[9],"tags":[],"_links":{"self":[{"href":"https:\/\/www.actualidadadiario.com\/index.php\/wp-json\/wp\/v2\/posts\/114356"}],"collection":[{"href":"https:\/\/www.actualidadadiario.com\/index.php\/wp-json\/wp\/v2\/posts"}],"about":[{"href":"https:\/\/www.actualidadadiario.com\/index.php\/wp-json\/wp\/v2\/types\/post"}],"author":[{"embeddable":true,"href":"https:\/\/www.actualidadadiario.com\/index.php\/wp-json\/wp\/v2\/users\/3"}],"replies":[{"embeddable":true,"href":"https:\/\/www.actualidadadiario.com\/index.php\/wp-json\/wp\/v2\/comments?post=114356"}],"version-history":[{"count":1,"href":"https:\/\/www.actualidadadiario.com\/index.php\/wp-json\/wp\/v2\/posts\/114356\/revisions"}],"predecessor-version":[{"id":114357,"href":"https:\/\/www.actualidadadiario.com\/index.php\/wp-json\/wp\/v2\/posts\/114356\/revisions\/114357"}],"wp:featuredmedia":[{"embeddable":true,"href":"https:\/\/www.actualidadadiario.com\/index.php\/wp-json\/wp\/v2\/media\/48084"}],"wp:attachment":[{"href":"https:\/\/www.actualidadadiario.com\/index.php\/wp-json\/wp\/v2\/media?parent=114356"}],"wp:term":[{"taxonomy":"category","embeddable":true,"href":"https:\/\/www.actualidadadiario.com\/index.php\/wp-json\/wp\/v2\/categories?post=114356"},{"taxonomy":"post_tag","embeddable":true,"href":"https:\/\/www.actualidadadiario.com\/index.php\/wp-json\/wp\/v2\/tags?post=114356"}],"curies":[{"name":"wp","href":"https:\/\/api.w.org\/{rel}","templated":true}]}}