{"id":114354,"date":"2024-05-13T10:39:46","date_gmt":"2024-05-13T13:39:46","guid":{"rendered":"https:\/\/www.actualidadadiario.com\/?p=114354"},"modified":"2024-05-13T10:39:46","modified_gmt":"2024-05-13T13:39:46","slug":"frio-polar-en-entre-rios-anuncian-hasta-2-esta-semana","status":"publish","type":"post","link":"https:\/\/www.actualidadadiario.com\/index.php\/2024\/05\/13\/frio-polar-en-entre-rios-anuncian-hasta-2-esta-semana\/","title":{"rendered":"Fr\u00edo polar en Entre R\u00edos: anuncian hasta 2\u00b0 esta semana"},"content":{"rendered":"<p style=\"text-align: center;\"><em><strong>El viento sur sigue bajando las temperaturas en Entre R\u00edos. El oto\u00f1o registrar\u00e1 la semana m\u00e1s fr\u00eda en lo que va del a\u00f1o. No hay anuncio de lluvias<\/strong><\/em><\/p>\n<p>&nbsp;<\/p>\n<p>&nbsp;<\/p>\n<p>El pron\u00f3stico en Entre R\u00edos indica que la semana se presentar\u00e1 con fr\u00edo polar, cuyas temperaturas seguir\u00e1n descendiendo los pr\u00f3ximos d\u00edas. Este lunes, martes y mi\u00e9rcoles ser\u00e1n los tres d\u00edas m\u00e1s helados en lo que va del a\u00f1o, con m\u00ednimas que podr\u00edan descender hasta los 2 grados y sensaciones t\u00e9rmicas inferiores.<\/p>\n<p>El Servicio Meteorol\u00f3gico Nacional -SMN- informa que la semana se presentar\u00e1 con buenas condiciones del tiempo. La nubosidad ser\u00e1 variable, pero no hay anuncio de precipitaciones. El viento sur ser\u00e1 protagonista durante la semana, que provocar\u00e1 hacia el mi\u00e9rcoles la jornada m\u00e1s fr\u00eda en este a\u00f1o hasta el momento.<\/p>\n<p>&nbsp;<\/p>\n<p><strong>Pron\u00f3stico de temperaturas <\/strong><\/p>\n<p>En Paran\u00e1, La Paz, Diamante, Nogoy\u00e1 y Villaguay anuncian para este lunes una m\u00ednima de 7 grados y una m\u00e1xima de 15 grados. Este martes descender\u00e1 la m\u00ednima a 4 grados y para el mi\u00e9rcoles pronostican 3 grados.<\/p>\n<p>En Concordia, Federal, Feliciano, Federaci\u00f3n y San Salvador anuncian para este lunes una m\u00ednima de 10 grados y una m\u00e1xima de 15 grados. Este martes descender\u00e1 la m\u00ednima a 5 grados y este mi\u00e9rcoles bajar\u00e1 hasta 4 grados.<\/p>\n<p>En Victoria y Gualeguay se pronostica para este lunes una m\u00ednima de 6 grados y una m\u00e1xima de 15 grados. El martes bajar\u00eda a 4 grados y el mi\u00e9rcoles llegar\u00eda a 4 grados de m\u00ednima.<\/p>\n<p>En Concepci\u00f3n del Uruguay, Gualeguaych\u00fa, Islas, Tala y Col\u00f3n se prev\u00e9n para este lunes una m\u00ednima de 7 grados y una m\u00e1xima de 14 grados. Este martes descender\u00e1 a 4 grados y el mi\u00e9rcoles podr\u00eda llegar hasta los 2 grados.<\/p>\n","protected":false},"excerpt":{"rendered":"<p>El viento sur sigue bajando las temperaturas en Entre R\u00edos. El oto\u00f1o registrar\u00e1 la semana m\u00e1s fr\u00eda en lo que va del a\u00f1o. No hay anuncio de lluvias &nbsp; &nbsp; El pron\u00f3stico en Entre R\u00edos indica que la semana se presentar\u00e1 con fr\u00edo polar, cuyas temperaturas seguir\u00e1n descendiendo los pr\u00f3ximos d\u00edas. Este lunes, martes y mi\u00e9rcoles ser\u00e1n los tres d\u00edas m\u00e1s helados en lo que va del a\u00f1o, con m\u00ednimas que podr\u00edan descender hasta los 2 grados y sensaciones t\u00e9rmicas inferiores. El Servicio Meteorol\u00f3gico Nacional -SMN- informa que la semana&#8230;<\/p>\n","protected":false},"author":3,"featured_media":105395,"comment_status":"closed","ping_status":"closed","sticky":false,"template":"","format":"standard","meta":[],"categories":[15],"tags":[],"_links":{"self":[{"href":"https:\/\/www.actualidadadiario.com\/index.php\/wp-json\/wp\/v2\/posts\/114354"}],"collection":[{"href":"https:\/\/www.actualidadadiario.com\/index.php\/wp-json\/wp\/v2\/posts"}],"about":[{"href":"https:\/\/www.actualidadadiario.com\/index.php\/wp-json\/wp\/v2\/types\/post"}],"author":[{"embeddable":true,"href":"https:\/\/www.actualidadadiario.com\/index.php\/wp-json\/wp\/v2\/users\/3"}],"replies":[{"embeddable":true,"href":"https:\/\/www.actualidadadiario.com\/index.php\/wp-json\/wp\/v2\/comments?post=114354"}],"version-history":[{"count":1,"href":"https:\/\/www.actualidadadiario.com\/index.php\/wp-json\/wp\/v2\/posts\/114354\/revisions"}],"predecessor-version":[{"id":114355,"href":"https:\/\/www.actualidadadiario.com\/index.php\/wp-json\/wp\/v2\/posts\/114354\/revisions\/114355"}],"wp:featuredmedia":[{"embeddable":true,"href":"https:\/\/www.actualidadadiario.com\/index.php\/wp-json\/wp\/v2\/media\/105395"}],"wp:attachment":[{"href":"https:\/\/www.actualidadadiario.com\/index.php\/wp-json\/wp\/v2\/media?parent=114354"}],"wp:term":[{"taxonomy":"category","embeddable":true,"href":"https:\/\/www.actualidadadiario.com\/index.php\/wp-json\/wp\/v2\/categories?post=114354"},{"taxonomy":"post_tag","embeddable":true,"href":"https:\/\/www.actualidadadiario.com\/index.php\/wp-json\/wp\/v2\/tags?post=114354"}],"curies":[{"name":"wp","href":"https:\/\/api.w.org\/{rel}","templated":true}]}}