{"id":114349,"date":"2024-05-13T10:38:02","date_gmt":"2024-05-13T13:38:02","guid":{"rendered":"https:\/\/www.actualidadadiario.com\/?p=114349"},"modified":"2024-05-13T10:38:02","modified_gmt":"2024-05-13T13:38:02","slug":"equipos-directivos-de-efectores-de-salud-se-reuniran-con-intendentes-de-la-zona","status":"publish","type":"post","link":"https:\/\/www.actualidadadiario.com\/index.php\/2024\/05\/13\/equipos-directivos-de-efectores-de-salud-se-reuniran-con-intendentes-de-la-zona\/","title":{"rendered":"Equipos directivos de efectores de salud se reunir\u00e1n con intendentes de la zona"},"content":{"rendered":"<p style=\"text-align: center;\"><em><strong>Este martes a partir de las 10:00 horas, los equipos directivos de los diferentes efectores de salud del Departamento Federaci\u00f3n y Feliciano se reunir\u00e1n en el Hospital Santa Rosa de la ciudad de Chajar\u00ed, a fin de coordinar acciones de trabajo en el marco del programa Entrerriano de Salud<\/strong><\/em><\/p>\n<p>&nbsp;<\/p>\n<p>&nbsp;<\/p>\n<p>\u201cDesde el primer d\u00eda que asum\u00ed la Direcci\u00f3n, nuestro objetivo fue trabajar de manera organizada con todos los Hospitales y Centros de Salud del Departamento Federaci\u00f3n y la zona de influencia, por eso ma\u00f1ana ser\u00e1 un d\u00eda muy importante para este equipo directivo\u201d resalt\u00f3 el Dr. Daniel Ben\u00edtez.<\/p>\n<p>\u201cMa\u00f1ana Chajar\u00ed ser\u00e1 la sede para iniciar el trabajo en equipo, con el objetivo de coordinar la atenci\u00f3n y establecer criterios de trabajo entre todos\u201d, agreg\u00f3.<\/p>\n<p>Estar\u00e1n presentes la directora del Hospital \u201cGeneral Francisco Ram\u00edrez\u201d de Feliciano, Lic. Arceguet Daniela y el Secretario T\u00e9cnico Lic. Pablo de Leon; la directora del Hospital San Jos\u00e9 de Federaci\u00f3n, Dra. Mar\u00eda Urquiza; el coordinador de los Centro de Salud de la Municipalidad de Federaci\u00f3n, Carlos Gonz\u00e1lez; la directora del Hospital \u201cSan Vicente\u201d de San Jaime de la Frontera, Lic. Mar\u00eda Eugenia Tuzzanoti; la directora del Centro de Salud \u201cGregoria Pucheta\u201d de Los Conquistadores, Dra. Sandra Garc\u00eda; la directora del Centro de Salud \u201cMostaf\u00e1 Aluf\u201d de Santa Ana, Dra. Celeste Farneda; el coordinador de Salud de Villa del Rosario, Rub\u00e9n Galv\u00e1n; el Intendente de Santa Ana, Rogelio Zanandrea, la intendente de Los Conquistadores, Adriana Meza Torres; la Intendente de Villa del Rosario, Vanina Perini, entre otros.<\/p>\n","protected":false},"excerpt":{"rendered":"<p>Este martes a partir de las 10:00 horas, los equipos directivos de los diferentes efectores de salud del Departamento Federaci\u00f3n y Feliciano se reunir\u00e1n en el Hospital Santa Rosa de la ciudad de Chajar\u00ed, a fin de coordinar acciones de trabajo en el marco del programa Entrerriano de Salud &nbsp; &nbsp; \u201cDesde el primer d\u00eda que asum\u00ed la Direcci\u00f3n, nuestro objetivo fue trabajar de manera organizada con todos los Hospitales y Centros de Salud del Departamento Federaci\u00f3n y la zona de influencia, por eso ma\u00f1ana ser\u00e1 un d\u00eda muy importante&#8230;<\/p>\n","protected":false},"author":3,"featured_media":66976,"comment_status":"closed","ping_status":"closed","sticky":false,"template":"","format":"standard","meta":[],"categories":[15],"tags":[],"_links":{"self":[{"href":"https:\/\/www.actualidadadiario.com\/index.php\/wp-json\/wp\/v2\/posts\/114349"}],"collection":[{"href":"https:\/\/www.actualidadadiario.com\/index.php\/wp-json\/wp\/v2\/posts"}],"about":[{"href":"https:\/\/www.actualidadadiario.com\/index.php\/wp-json\/wp\/v2\/types\/post"}],"author":[{"embeddable":true,"href":"https:\/\/www.actualidadadiario.com\/index.php\/wp-json\/wp\/v2\/users\/3"}],"replies":[{"embeddable":true,"href":"https:\/\/www.actualidadadiario.com\/index.php\/wp-json\/wp\/v2\/comments?post=114349"}],"version-history":[{"count":1,"href":"https:\/\/www.actualidadadiario.com\/index.php\/wp-json\/wp\/v2\/posts\/114349\/revisions"}],"predecessor-version":[{"id":114350,"href":"https:\/\/www.actualidadadiario.com\/index.php\/wp-json\/wp\/v2\/posts\/114349\/revisions\/114350"}],"wp:featuredmedia":[{"embeddable":true,"href":"https:\/\/www.actualidadadiario.com\/index.php\/wp-json\/wp\/v2\/media\/66976"}],"wp:attachment":[{"href":"https:\/\/www.actualidadadiario.com\/index.php\/wp-json\/wp\/v2\/media?parent=114349"}],"wp:term":[{"taxonomy":"category","embeddable":true,"href":"https:\/\/www.actualidadadiario.com\/index.php\/wp-json\/wp\/v2\/categories?post=114349"},{"taxonomy":"post_tag","embeddable":true,"href":"https:\/\/www.actualidadadiario.com\/index.php\/wp-json\/wp\/v2\/tags?post=114349"}],"curies":[{"name":"wp","href":"https:\/\/api.w.org\/{rel}","templated":true}]}}