{"id":114346,"date":"2024-05-13T10:37:22","date_gmt":"2024-05-13T13:37:22","guid":{"rendered":"https:\/\/www.actualidadadiario.com\/?p=114346"},"modified":"2024-05-13T10:37:22","modified_gmt":"2024-05-13T13:37:22","slug":"el-ministro-grieve-va-a-diputados-en-busca-de-leyes-que-fortalezcan-el-plan-entrerriano-de-salud","status":"publish","type":"post","link":"https:\/\/www.actualidadadiario.com\/index.php\/2024\/05\/13\/el-ministro-grieve-va-a-diputados-en-busca-de-leyes-que-fortalezcan-el-plan-entrerriano-de-salud\/","title":{"rendered":"El Ministro Grieve va a Diputados en busca de leyes que fortalezcan el Plan Entrerriano de Salud"},"content":{"rendered":"<p style=\"text-align: center;\"><em><strong>Este martes el ministro de Salud, Guillermo Grieve, se reunir\u00e1 con diputados con el fin de articular el avance de proyectos legislativos que fortalezcan el Plan Entrerriano de Salud que se viene llevando a cabo desde el Gobierno provincial<\/strong><\/em><\/p>\n<p>&nbsp;<\/p>\n<p>&nbsp;<\/p>\n<p>Este martes a las 17:30 se reunir\u00e1n los diputados que integran la Comisi\u00f3n de Salud y recibir\u00e1n a funcionarios del \u00e1rea sanitaria con el fin de dialogar sobre los Lineamientos Generales del Plan Entrerriano de Salud, se indic\u00f3.<\/p>\n<p>\u201cEs importante que en funci\u00f3n de los objetivos que hemos trazado a trav\u00e9s del Programa Entrerriano de Salud, encontremos las herramientas legislativas que nos permitan avanzar\u201d, sostuvo d\u00edas atr\u00e1s el ministro de Salud, Guillermo Grieve, en el marco de una reuni\u00f3n que hab\u00eda mantenido con el presidente de la Comisi\u00f3n de Salud, Silvio Gallay.<\/p>\n<p>En este marco, destac\u00f3 la importancia de sostener este tipo de reuniones entre el \u00e1mbito parlamentario y el Ministerio para el tratamiento de leyes que favorezcan el desarrollo de las metas en salud.<\/p>\n<p>Para el encuentro de este martes fueron convocados, adem\u00e1s de Grieve, Romina Sirotta (directora general de Asuntos Jur\u00eddicos del Ministerio de Salud) y Marina Alegre (directora general de Recursos Humanos de Hospitales y Centros de Atenci\u00f3n Primaria de la Salud (CAPS).<\/p>\n","protected":false},"excerpt":{"rendered":"<p>Este martes el ministro de Salud, Guillermo Grieve, se reunir\u00e1 con diputados con el fin de articular el avance de proyectos legislativos que fortalezcan el Plan Entrerriano de Salud que se viene llevando a cabo desde el Gobierno provincial &nbsp; &nbsp; Este martes a las 17:30 se reunir\u00e1n los diputados que integran la Comisi\u00f3n de Salud y recibir\u00e1n a funcionarios del \u00e1rea sanitaria con el fin de dialogar sobre los Lineamientos Generales del Plan Entrerriano de Salud, se indic\u00f3. \u201cEs importante que en funci\u00f3n de los objetivos que hemos trazado&#8230;<\/p>\n","protected":false},"author":3,"featured_media":114347,"comment_status":"closed","ping_status":"closed","sticky":false,"template":"","format":"standard","meta":[],"categories":[15],"tags":[],"_links":{"self":[{"href":"https:\/\/www.actualidadadiario.com\/index.php\/wp-json\/wp\/v2\/posts\/114346"}],"collection":[{"href":"https:\/\/www.actualidadadiario.com\/index.php\/wp-json\/wp\/v2\/posts"}],"about":[{"href":"https:\/\/www.actualidadadiario.com\/index.php\/wp-json\/wp\/v2\/types\/post"}],"author":[{"embeddable":true,"href":"https:\/\/www.actualidadadiario.com\/index.php\/wp-json\/wp\/v2\/users\/3"}],"replies":[{"embeddable":true,"href":"https:\/\/www.actualidadadiario.com\/index.php\/wp-json\/wp\/v2\/comments?post=114346"}],"version-history":[{"count":1,"href":"https:\/\/www.actualidadadiario.com\/index.php\/wp-json\/wp\/v2\/posts\/114346\/revisions"}],"predecessor-version":[{"id":114348,"href":"https:\/\/www.actualidadadiario.com\/index.php\/wp-json\/wp\/v2\/posts\/114346\/revisions\/114348"}],"wp:featuredmedia":[{"embeddable":true,"href":"https:\/\/www.actualidadadiario.com\/index.php\/wp-json\/wp\/v2\/media\/114347"}],"wp:attachment":[{"href":"https:\/\/www.actualidadadiario.com\/index.php\/wp-json\/wp\/v2\/media?parent=114346"}],"wp:term":[{"taxonomy":"category","embeddable":true,"href":"https:\/\/www.actualidadadiario.com\/index.php\/wp-json\/wp\/v2\/categories?post=114346"},{"taxonomy":"post_tag","embeddable":true,"href":"https:\/\/www.actualidadadiario.com\/index.php\/wp-json\/wp\/v2\/tags?post=114346"}],"curies":[{"name":"wp","href":"https:\/\/api.w.org\/{rel}","templated":true}]}}