{"id":114340,"date":"2024-05-13T10:31:57","date_gmt":"2024-05-13T13:31:57","guid":{"rendered":"https:\/\/www.actualidadadiario.com\/?p=114340"},"modified":"2024-05-13T10:31:57","modified_gmt":"2024-05-13T13:31:57","slug":"trabajan-para-terminar-viviendas-en-federal-y-los-conquistadores","status":"publish","type":"post","link":"https:\/\/www.actualidadadiario.com\/index.php\/2024\/05\/13\/trabajan-para-terminar-viviendas-en-federal-y-los-conquistadores\/","title":{"rendered":"Trabajan para terminar viviendas en Federal y Los Conquistadores"},"content":{"rendered":"<p style=\"text-align: center;\"><em><strong>Para verificar el estado de las viviendas que se reactivar\u00e1n\u00a0 en Federal y Los Conquistadores, funcionarios del Instituto Aut\u00e1rquico de Planeamiento y Vivienda realizaron una recorrida por los\u00a0 grupos habitacionales que lleva adelante el organismo provincial en dichas localidades del norte entrerriano<\/strong><\/em><\/p>\n<p>&nbsp;<\/p>\n<p>&nbsp;<\/p>\n<p>El presidente del IAPV, Manuel Sch\u00f6nhals, junto al director de Obras de la repartici\u00f3n, Mart\u00edn Arredondo, la intendenta de Los Conquistadores, Adriana Meza Torres, y el secretario de Obras y Servicios P\u00fablicos de Federal, Carlos Rebechi, recorrieron los\u00a0 grupos habitacionales.<\/p>\n<p>Al respecto, Sch\u00f6nhals dijo que &#8220;estamos cumpliendo con el pedido del gobernador Rogelio Frigerio de recorrer cada obra que se reactive en el territorio provincial&#8221;, y que &#8220;la gesti\u00f3n recibi\u00f3 20.000 millones de pesos de deuda y sin el financiamiento necesario para llevarlas adelante&#8221;.<\/p>\n<p>El funcionario, expres\u00f3 que &#8220;cada unidad habitacional que construimos, implica no solo que una familia tenga un hogar, sino que se active la econom\u00eda local, con la compra de materiales y la generaci\u00f3n de mano de obra del pueblo&#8221;. Y sostuvo: &#8220;Estas obras son las que nos permitir\u00e1n cambiar la vida de muchas familias que est\u00e1n esperando tener su casa propia y ofrecerles a sus hijos un nuevo bienestar&#8221;.<\/p>\n<p>Hizo hincapi\u00e9 en &#8220;el trabajo articulado con los municipios, para que cada vez m\u00e1s habitantes puedan cumplir con el sue\u00f1o de tener un techo propio y\u00a0 darle continuidad a las obras a fin de que no decaigan la obra p\u00fablica y el trabajo&#8221;.<\/p>\n<p>En Los Conquistadores, en 2018 el gobierno provincial inici\u00f3 un proceso de construcci\u00f3n de viviendas en madera en la localidad, cuya\u00a0 experiencia no fue de las mejores y terminaron rescindiendo el contrato\u00a0 a la empresa constructora. Desde entonces cinco viviendas iniciadas se encuentran sin terminar y sin poder ser habitadas por familias entrerrianas.<\/p>\n<p>Se estudiar\u00e1\u00a0 la posibilidad de su finalizaci\u00f3n y este fue motivo de la visita del presidente del IAPV a la localidad y el encuentro con su intendenta Adriana Meza Torres, adem\u00e1s de analizar qu\u00e9 metodolog\u00eda utilizar para el aprovechamiento de las\u00a0 otras 15 plateas existentes sin utilizaci\u00f3n.<\/p>\n<p>En tanto, en la ciudad de Federal junto al secretario de Obras y Servicios P\u00fablicos municipal, Carlos Rebechi, recorrieron las obras del Barrio 48 viviendas\u00a0 destinadas a docentes, personal policial y trabajadores municipales incluidas en el programa\u00a0 Primero tu Casa, verificando el avance de las obras para posibilitar el levantamiento de la neutralizaci\u00f3n que pesa sobre esta obra\u00a0 y la continuidad de las mismas a resolver en lo inmediato en conjunto a la empresa constructora.<\/p>\n<p>Tambi\u00e9n fue visitado el barrio del programa Reconstruir 56 viviendas que se desarrolla en la localidad comprometiendo todas las gestiones necesarias para reclamar a la Naci\u00f3n los recursos para su finalizaci\u00f3n y entrega a sus beneficiarios.<\/p>\n","protected":false},"excerpt":{"rendered":"<p>Para verificar el estado de las viviendas que se reactivar\u00e1n\u00a0 en Federal y Los Conquistadores, funcionarios del Instituto Aut\u00e1rquico de Planeamiento y Vivienda realizaron una recorrida por los\u00a0 grupos habitacionales que lleva adelante el organismo provincial en dichas localidades del norte entrerriano &nbsp; &nbsp; El presidente del IAPV, Manuel Sch\u00f6nhals, junto al director de Obras de la repartici\u00f3n, Mart\u00edn Arredondo, la intendenta de Los Conquistadores, Adriana Meza Torres, y el secretario de Obras y Servicios P\u00fablicos de Federal, Carlos Rebechi, recorrieron los\u00a0 grupos habitacionales. Al respecto, Sch\u00f6nhals dijo que &#8220;estamos&#8230;<\/p>\n","protected":false},"author":3,"featured_media":114341,"comment_status":"closed","ping_status":"closed","sticky":false,"template":"","format":"standard","meta":[],"categories":[15],"tags":[],"_links":{"self":[{"href":"https:\/\/www.actualidadadiario.com\/index.php\/wp-json\/wp\/v2\/posts\/114340"}],"collection":[{"href":"https:\/\/www.actualidadadiario.com\/index.php\/wp-json\/wp\/v2\/posts"}],"about":[{"href":"https:\/\/www.actualidadadiario.com\/index.php\/wp-json\/wp\/v2\/types\/post"}],"author":[{"embeddable":true,"href":"https:\/\/www.actualidadadiario.com\/index.php\/wp-json\/wp\/v2\/users\/3"}],"replies":[{"embeddable":true,"href":"https:\/\/www.actualidadadiario.com\/index.php\/wp-json\/wp\/v2\/comments?post=114340"}],"version-history":[{"count":1,"href":"https:\/\/www.actualidadadiario.com\/index.php\/wp-json\/wp\/v2\/posts\/114340\/revisions"}],"predecessor-version":[{"id":114342,"href":"https:\/\/www.actualidadadiario.com\/index.php\/wp-json\/wp\/v2\/posts\/114340\/revisions\/114342"}],"wp:featuredmedia":[{"embeddable":true,"href":"https:\/\/www.actualidadadiario.com\/index.php\/wp-json\/wp\/v2\/media\/114341"}],"wp:attachment":[{"href":"https:\/\/www.actualidadadiario.com\/index.php\/wp-json\/wp\/v2\/media?parent=114340"}],"wp:term":[{"taxonomy":"category","embeddable":true,"href":"https:\/\/www.actualidadadiario.com\/index.php\/wp-json\/wp\/v2\/categories?post=114340"},{"taxonomy":"post_tag","embeddable":true,"href":"https:\/\/www.actualidadadiario.com\/index.php\/wp-json\/wp\/v2\/tags?post=114340"}],"curies":[{"name":"wp","href":"https:\/\/api.w.org\/{rel}","templated":true}]}}