{"id":114338,"date":"2024-05-13T10:30:44","date_gmt":"2024-05-13T13:30:44","guid":{"rendered":"https:\/\/www.actualidadadiario.com\/?p=114338"},"modified":"2024-05-13T10:30:44","modified_gmt":"2024-05-13T13:30:44","slug":"a-partir-de-julio-enersa-dejara-de-enviar-el-aviso-de-suspension-por-falta-de-pago","status":"publish","type":"post","link":"https:\/\/www.actualidadadiario.com\/index.php\/2024\/05\/13\/a-partir-de-julio-enersa-dejara-de-enviar-el-aviso-de-suspension-por-falta-de-pago\/","title":{"rendered":"A partir de julio, Enersa dejar\u00e1 de enviar el aviso de suspensi\u00f3n por falta de pago"},"content":{"rendered":"<p style=\"text-align: center;\"><em><strong>La distribuidora de energ\u00eda de la provincia comenz\u00f3 a informar que a partir del pr\u00f3ximo mes de julio dejar\u00e1 de enviar el aviso de suspensi\u00f3n por falta de pago. El mismo ser\u00e1 informado en la factura<\/strong><\/em><\/p>\n<p>&nbsp;<\/p>\n<p>&nbsp;<\/p>\n<p>En cumplimiento con lo dispuesto por el Art\u00edculo 2 de la Resoluci\u00f3n EPRE N\u00ba 179\/23, el Ente Regulador dejar\u00e1 de enviar a los usuarios de Enersa el aviso de suspensi\u00f3n por falta de pago para cada cuota. Ser\u00e1 a partir del pr\u00f3ximo mes de julio.<\/p>\n<p>Por el contrario, los cortes ser\u00e1n informados en la factura que reciben los usuarios o bien los usuarios podr\u00e1n suscribirse al env\u00edo de suspensi\u00f3n por SMS enviando un mensaje al 70080 con la palabra AVISO (espacio) y el N\u00ba de ID del suministro.<\/p>\n<p>Vale recordar que el Ente Regulador hab\u00eda establecido en el marco de la pandemia que \u201cprevio a la suspensi\u00f3n del suministro de energ\u00eda el\u00e9ctrica por falta de pago, las Distribuidoras El\u00e9ctricas deb\u00eda obligatoriamente comunica en forma expresa al deudor moroso que se proceder\u00eda a suspenderle el suministro al menos con tres d\u00edas h\u00e1biles de antelaci\u00f3n.<\/p>\n<p>Esta decisi\u00f3n estaba fundamentada en la emergencia sanitaria y el aislamiento social, preventivo y obligatorio que dificultaba las operaciones de atenci\u00f3n al p\u00fablico, transacciones bancarias y restricci\u00f3n en las bocas de cobranza.<\/p>\n","protected":false},"excerpt":{"rendered":"<p>La distribuidora de energ\u00eda de la provincia comenz\u00f3 a informar que a partir del pr\u00f3ximo mes de julio dejar\u00e1 de enviar el aviso de suspensi\u00f3n por falta de pago. El mismo ser\u00e1 informado en la factura &nbsp; &nbsp; En cumplimiento con lo dispuesto por el Art\u00edculo 2 de la Resoluci\u00f3n EPRE N\u00ba 179\/23, el Ente Regulador dejar\u00e1 de enviar a los usuarios de Enersa el aviso de suspensi\u00f3n por falta de pago para cada cuota. Ser\u00e1 a partir del pr\u00f3ximo mes de julio. Por el contrario, los cortes ser\u00e1n informados&#8230;<\/p>\n","protected":false},"author":3,"featured_media":85920,"comment_status":"closed","ping_status":"closed","sticky":false,"template":"","format":"standard","meta":[],"categories":[9],"tags":[],"_links":{"self":[{"href":"https:\/\/www.actualidadadiario.com\/index.php\/wp-json\/wp\/v2\/posts\/114338"}],"collection":[{"href":"https:\/\/www.actualidadadiario.com\/index.php\/wp-json\/wp\/v2\/posts"}],"about":[{"href":"https:\/\/www.actualidadadiario.com\/index.php\/wp-json\/wp\/v2\/types\/post"}],"author":[{"embeddable":true,"href":"https:\/\/www.actualidadadiario.com\/index.php\/wp-json\/wp\/v2\/users\/3"}],"replies":[{"embeddable":true,"href":"https:\/\/www.actualidadadiario.com\/index.php\/wp-json\/wp\/v2\/comments?post=114338"}],"version-history":[{"count":1,"href":"https:\/\/www.actualidadadiario.com\/index.php\/wp-json\/wp\/v2\/posts\/114338\/revisions"}],"predecessor-version":[{"id":114339,"href":"https:\/\/www.actualidadadiario.com\/index.php\/wp-json\/wp\/v2\/posts\/114338\/revisions\/114339"}],"wp:featuredmedia":[{"embeddable":true,"href":"https:\/\/www.actualidadadiario.com\/index.php\/wp-json\/wp\/v2\/media\/85920"}],"wp:attachment":[{"href":"https:\/\/www.actualidadadiario.com\/index.php\/wp-json\/wp\/v2\/media?parent=114338"}],"wp:term":[{"taxonomy":"category","embeddable":true,"href":"https:\/\/www.actualidadadiario.com\/index.php\/wp-json\/wp\/v2\/categories?post=114338"},{"taxonomy":"post_tag","embeddable":true,"href":"https:\/\/www.actualidadadiario.com\/index.php\/wp-json\/wp\/v2\/tags?post=114338"}],"curies":[{"name":"wp","href":"https:\/\/api.w.org\/{rel}","templated":true}]}}