{"id":114318,"date":"2024-05-10T13:19:27","date_gmt":"2024-05-10T16:19:27","guid":{"rendered":"https:\/\/www.actualidadadiario.com\/?p=114318"},"modified":"2024-05-10T13:19:27","modified_gmt":"2024-05-10T16:19:27","slug":"rosario-un-grupo-de-medicos-realizo-un-exitoso-trasplante-hepatico-a-un-bebe-prematuro","status":"publish","type":"post","link":"https:\/\/www.actualidadadiario.com\/index.php\/2024\/05\/10\/rosario-un-grupo-de-medicos-realizo-un-exitoso-trasplante-hepatico-a-un-bebe-prematuro\/","title":{"rendered":"Rosario: un grupo de m\u00e9dicos realiz\u00f3 un exitoso trasplante hep\u00e1tico a un beb\u00e9 prematuro"},"content":{"rendered":"<p style=\"text-align: center;\"><em><strong>El peque\u00f1o, oriundo de Santa Fe, ten\u00eda una patolog\u00eda poco frecuente y recibi\u00f3 el alta despu\u00e9s de siete meses<\/strong><\/em><\/p>\n<p>&nbsp;<\/p>\n<p>&nbsp;<\/p>\n<p>Un beb\u00e9 santafesino que naci\u00f3 prematuro y padec\u00eda una especie de hepatitis poco frecuente fue dado de alta tras estar siete meses internado luego de recibir un trasplante de h\u00edgado que le don\u00f3 su padre y que se llev\u00f3 adelante en el Sanatorio de Ni\u00f1os de Rosario.<\/p>\n<p>Seg\u00fan inform\u00f3 La Capital, los m\u00e9dicos debieron trabajar en simult\u00e1neo en varias instancias durante doce horas para retirar un fragmento de h\u00edgado del padre del beb\u00e9, aplicar una t\u00e9cnica para reducirlo lo m\u00e1ximo posible y adaptarlo al cuerpo de menos de dos kilos del peque\u00f1o.<\/p>\n<p>La cirug\u00eda se llev\u00f3 a cabo en octubre del a\u00f1o pasado y este mi\u00e9rcoles, siete meses despu\u00e9s, el peque\u00f1o Eli\u00e1n, un beb\u00e9 santafesino que naci\u00f3 con apenas 33 semanas y fue intervenido cuando apenas pesaba 1.900 gramos, fue dado de alta<\/p>\n<p>\u201cTodo el sanatorio trabaj\u00f3 en esto: los equipos quir\u00fargicos, anestesi\u00f3logos, instrumentaci\u00f3n, diagn\u00f3stico por im\u00e1genes, quir\u00f3fanos, cirujanos pl\u00e1sticos, kinesi\u00f3logos, enfermer\u00eda, neonatolog\u00eda, terapia intensiva, administraci\u00f3n y mucamas\u201d, se\u00f1al\u00f3 el cirujano hep\u00e1tico Lisandro Bitetti, quien estuvo a cargo de a ablaci\u00f3n y en di\u00e1logo con el citado medio, detall\u00f3 que la patolog\u00eda de Eli\u00e1n fue una hepatitis aloinmune.<\/p>\n<p>\u201cNo es viral ni autoinmune. Se da en este tipo de neonatos, en los que los anticuerpos maternos no reconocen a las c\u00e9lulas del h\u00edgado y reaccionan contra ellas. Es una patolog\u00eda poco frecuente y tampoco hay un conocimiento como para que estos chiquitos lleguen a tener una posibilidad. Generalmente, o no se diagnostica o se llega tarde\u201d, expres\u00f3.<\/p>\n<p>La intervenci\u00f3n es la primera en un beb\u00e9 de tan poco peso registrado en Latinoam\u00e9rica, \u201clo que no quiere decir que no haya habido otro caso\u201d, aclar\u00f3 el cirujano y agreg\u00f3: \u201cLo trasplantamos a los 23 d\u00edas, ni siquiera ten\u00eda fecha de parto cuando lo trasplantamos. En el mundo hay apenas diez trasplantes de este tipo registrados\u201d.<\/p>\n<p>En tanto, indic\u00f3 que contemplar el tama\u00f1o ideal para Eli\u00e1n requiri\u00f3 de un c\u00e1lculo con base en su peso, pero lo in\u00e9dito de un caso como el del beb\u00e9 santafesino oblig\u00f3 a llevar a cabo varias intervenciones en paralelo que involucraron a todo el sanatorio.<\/p>\n<p>\u201cMientras Eli\u00e1n iba empeorando, lo pusimos en emergencia y, en paralelo, empezamos a estudiar la anatom\u00eda de su padre. Tomamos dos segmentos de su h\u00edgado y, sobre ellos, hicimos una hiper reducci\u00f3n del \u00f3rgano para tener una unidad funcional hep\u00e1tica mucho m\u00e1s chiquita de lo que el padre, por una cuesti\u00f3n anat\u00f3mica, le pod\u00eda dar\u201d, dijo el especialista.<\/p>\n<p>El cirujano se\u00f1al\u00f3 luego: \u201cAhora el nene tiene ocho meses y le queda por delante el control y seguimiento de un chico que naci\u00f3 prematuro y, adem\u00e1s, los controles hepatol\u00f3gicos de cualquier chico trasplantado\u201d.<\/p>\n","protected":false},"excerpt":{"rendered":"<p>El peque\u00f1o, oriundo de Santa Fe, ten\u00eda una patolog\u00eda poco frecuente y recibi\u00f3 el alta despu\u00e9s de siete meses &nbsp; &nbsp; Un beb\u00e9 santafesino que naci\u00f3 prematuro y padec\u00eda una especie de hepatitis poco frecuente fue dado de alta tras estar siete meses internado luego de recibir un trasplante de h\u00edgado que le don\u00f3 su padre y que se llev\u00f3 adelante en el Sanatorio de Ni\u00f1os de Rosario. Seg\u00fan inform\u00f3 La Capital, los m\u00e9dicos debieron trabajar en simult\u00e1neo en varias instancias durante doce horas para retirar un fragmento de h\u00edgado&#8230;<\/p>\n","protected":false},"author":3,"featured_media":114319,"comment_status":"closed","ping_status":"closed","sticky":false,"template":"","format":"standard","meta":[],"categories":[4],"tags":[],"_links":{"self":[{"href":"https:\/\/www.actualidadadiario.com\/index.php\/wp-json\/wp\/v2\/posts\/114318"}],"collection":[{"href":"https:\/\/www.actualidadadiario.com\/index.php\/wp-json\/wp\/v2\/posts"}],"about":[{"href":"https:\/\/www.actualidadadiario.com\/index.php\/wp-json\/wp\/v2\/types\/post"}],"author":[{"embeddable":true,"href":"https:\/\/www.actualidadadiario.com\/index.php\/wp-json\/wp\/v2\/users\/3"}],"replies":[{"embeddable":true,"href":"https:\/\/www.actualidadadiario.com\/index.php\/wp-json\/wp\/v2\/comments?post=114318"}],"version-history":[{"count":1,"href":"https:\/\/www.actualidadadiario.com\/index.php\/wp-json\/wp\/v2\/posts\/114318\/revisions"}],"predecessor-version":[{"id":114320,"href":"https:\/\/www.actualidadadiario.com\/index.php\/wp-json\/wp\/v2\/posts\/114318\/revisions\/114320"}],"wp:featuredmedia":[{"embeddable":true,"href":"https:\/\/www.actualidadadiario.com\/index.php\/wp-json\/wp\/v2\/media\/114319"}],"wp:attachment":[{"href":"https:\/\/www.actualidadadiario.com\/index.php\/wp-json\/wp\/v2\/media?parent=114318"}],"wp:term":[{"taxonomy":"category","embeddable":true,"href":"https:\/\/www.actualidadadiario.com\/index.php\/wp-json\/wp\/v2\/categories?post=114318"},{"taxonomy":"post_tag","embeddable":true,"href":"https:\/\/www.actualidadadiario.com\/index.php\/wp-json\/wp\/v2\/tags?post=114318"}],"curies":[{"name":"wp","href":"https:\/\/api.w.org\/{rel}","templated":true}]}}