{"id":114315,"date":"2024-05-10T12:52:32","date_gmt":"2024-05-10T15:52:32","guid":{"rendered":"https:\/\/www.actualidadadiario.com\/?p=114315"},"modified":"2024-05-10T12:52:32","modified_gmt":"2024-05-10T15:52:32","slug":"milei-confirmo-que-el-tedeum-no-sera-en-cordoba-que-pasara-con-el-pacto-de-mayo","status":"publish","type":"post","link":"https:\/\/www.actualidadadiario.com\/index.php\/2024\/05\/10\/milei-confirmo-que-el-tedeum-no-sera-en-cordoba-que-pasara-con-el-pacto-de-mayo\/","title":{"rendered":"Milei confirm\u00f3 que el tedeum no ser\u00e1 en C\u00f3rdoba: qu\u00e9 pasar\u00e1 con el Pacto de Mayo"},"content":{"rendered":"<p style=\"text-align: center;\"><em><strong>Finalmente la celebraci\u00f3n religiosa por la fecha patria no se har\u00e1 en la Catedral de C\u00f3rdoba sino en Buenos Aires<\/strong><\/em><\/p>\n<p>&nbsp;<\/p>\n<p>&nbsp;<\/p>\n<p>El gobierno del presidente Javier Milei confirm\u00f3 que el tradicional tedeum del pr\u00f3ximo s\u00e1bado 25 de Mayo no se celebrar\u00e1 en la Catedral de C\u00f3rdoba sino en la de Buenos Aires.<\/p>\n<p>As\u00ed lo se\u00f1alaron fuentes del Arzobispado de C\u00f3rdoba, quienes indicaron que les &#8220;comunicaron oficialmente desde Culto de la Naci\u00f3n que el Presidente no viene a hacer el tedeum aqu\u00ed en C\u00f3rdoba, sino que se hace en la Catedral de Buenos Aires&#8221;.<\/p>\n<p>De este modo la ceremonia religiosa en conmemoraci\u00f3n por la Revoluci\u00f3n de Mayo no ser\u00e1 presidida por el cardenal y arzobispo de C\u00f3rdoba, \u00c1ngel Sixto Rossi.<\/p>\n<p>&#8220;Despu\u00e9s por la tarde vendr\u00eda a firmar el pacto&#8221;, precisaron las fuentes de la Iglesia de C\u00f3rdoba.<\/p>\n<p>&nbsp;<\/p>\n<p><strong>Sin tedeum en C\u00f3rdoba<\/strong><\/p>\n<p>Desde el arzobispado local hab\u00edan informado que las autoridades nacionales hab\u00edan realizado la semana pasada un pedido para que la ceremonia de acci\u00f3n de gracias por la fecha patria se celebrara en la Catedral de C\u00f3rdoba, lo que finalmente no ocurrir\u00e1.<\/p>\n<p>El tedeum consiste en una liturgia de acci\u00f3n de gracias que se realiza cada 25 de Mayo en la que se reza por la Argentina y el cardenal pronuncia una homil\u00eda. No es una misa y adem\u00e1s no suele ser muy extenso.<\/p>\n<p>&nbsp;<\/p>\n<p><strong>Pacto de Mayo<\/strong><\/p>\n<p>As\u00ed la visita de Javier Milei para firmar el Pacto de Mayo con los gobernadores provinciales en C\u00f3rdoba quedar\u00eda reducida a unas pocas horas.<\/p>\n<p>El pacto fue convocado por el Presidente en su mensaje de apertura del per\u00edodo de sesiones ordinarias del Congreso de este a\u00f1o.<\/p>\n<p>Aunque a\u00fan no se defini\u00f3 el lugar en el que Milei firmar\u00e1 el pacto con los gobernadores que acepten su convocatoria, se menciona como posibles sedes el Sal\u00f3n de los Pasos Perdidos de Tribunales I y el auditorio Juan Bautista Bustos del Centro de Convenciones.<\/p>\n","protected":false},"excerpt":{"rendered":"<p>Finalmente la celebraci\u00f3n religiosa por la fecha patria no se har\u00e1 en la Catedral de C\u00f3rdoba sino en Buenos Aires &nbsp; &nbsp; El gobierno del presidente Javier Milei confirm\u00f3 que el tradicional tedeum del pr\u00f3ximo s\u00e1bado 25 de Mayo no se celebrar\u00e1 en la Catedral de C\u00f3rdoba sino en la de Buenos Aires. As\u00ed lo se\u00f1alaron fuentes del Arzobispado de C\u00f3rdoba, quienes indicaron que les &#8220;comunicaron oficialmente desde Culto de la Naci\u00f3n que el Presidente no viene a hacer el tedeum aqu\u00ed en C\u00f3rdoba, sino que se hace en la&#8230;<\/p>\n","protected":false},"author":3,"featured_media":114316,"comment_status":"closed","ping_status":"closed","sticky":false,"template":"","format":"standard","meta":[],"categories":[18],"tags":[],"_links":{"self":[{"href":"https:\/\/www.actualidadadiario.com\/index.php\/wp-json\/wp\/v2\/posts\/114315"}],"collection":[{"href":"https:\/\/www.actualidadadiario.com\/index.php\/wp-json\/wp\/v2\/posts"}],"about":[{"href":"https:\/\/www.actualidadadiario.com\/index.php\/wp-json\/wp\/v2\/types\/post"}],"author":[{"embeddable":true,"href":"https:\/\/www.actualidadadiario.com\/index.php\/wp-json\/wp\/v2\/users\/3"}],"replies":[{"embeddable":true,"href":"https:\/\/www.actualidadadiario.com\/index.php\/wp-json\/wp\/v2\/comments?post=114315"}],"version-history":[{"count":1,"href":"https:\/\/www.actualidadadiario.com\/index.php\/wp-json\/wp\/v2\/posts\/114315\/revisions"}],"predecessor-version":[{"id":114317,"href":"https:\/\/www.actualidadadiario.com\/index.php\/wp-json\/wp\/v2\/posts\/114315\/revisions\/114317"}],"wp:featuredmedia":[{"embeddable":true,"href":"https:\/\/www.actualidadadiario.com\/index.php\/wp-json\/wp\/v2\/media\/114316"}],"wp:attachment":[{"href":"https:\/\/www.actualidadadiario.com\/index.php\/wp-json\/wp\/v2\/media?parent=114315"}],"wp:term":[{"taxonomy":"category","embeddable":true,"href":"https:\/\/www.actualidadadiario.com\/index.php\/wp-json\/wp\/v2\/categories?post=114315"},{"taxonomy":"post_tag","embeddable":true,"href":"https:\/\/www.actualidadadiario.com\/index.php\/wp-json\/wp\/v2\/tags?post=114315"}],"curies":[{"name":"wp","href":"https:\/\/api.w.org\/{rel}","templated":true}]}}