{"id":114313,"date":"2024-05-10T12:51:27","date_gmt":"2024-05-10T15:51:27","guid":{"rendered":"https:\/\/www.actualidadadiario.com\/?p=114313"},"modified":"2024-05-10T12:51:27","modified_gmt":"2024-05-10T15:51:27","slug":"para-el-gobierno-el-paro-de-la-cgt-fue-el-mas-debil-de-la-historia","status":"publish","type":"post","link":"https:\/\/www.actualidadadiario.com\/index.php\/2024\/05\/10\/para-el-gobierno-el-paro-de-la-cgt-fue-el-mas-debil-de-la-historia\/","title":{"rendered":"Para el Gobierno, el paro de la CGT &#8220;fue el m\u00e1s d\u00e9bil de la historia&#8221;"},"content":{"rendered":"<p style=\"text-align: center;\"><em><strong>El Gobierno descalific\u00f3 el paro general que llev\u00f3 a cabo la CGT. El vocero presidencial, Manuel Adorni, dijo que la mayor\u00eda de los argentinos &#8220;desprecia&#8221; a los l\u00edderes sindicales<\/strong><\/em><\/p>\n<p>&nbsp;<\/p>\n<p>&nbsp;<\/p>\n<p>El Gobierno descalific\u00f3 el paro general que llev\u00f3 a cabo la CGT este jueves, al que calific\u00f3 de &#8220;el m\u00e1s d\u00e9bil de la historia&#8221;, y el vocero presidencial, Manuel Adorni, dijo que la mayor\u00eda de los argentinos &#8220;desprecia&#8221; a los l\u00edderes sindicales. &#8220;Fue un fracaso absoluto&#8221;, dijo en su habitual conferencia de prensa.<\/p>\n<p>As\u00ed sali\u00f3 al cruce de la Confederaci\u00f3n General del Trabajo (CGT) que ayer evalu\u00f3 que el segundo paro nacional contra el Gobierno fue &#8220;contundente&#8221; y el presidente Javier Milei &#8220;debe tomar nota&#8221;. Para Adorni, en cambio, la adhesi\u00f3n a la huelga fue m\u00ednima.<\/p>\n<p>En una conferencia de prensa, los cotitulares de la central, junto a los principales referentes sindicales, evaluaron el alcance del paro general llevado a cabo en todo el pa\u00eds y advirtieron: &#8220;Nos est\u00e1n llevando a un l\u00edmite&#8221;.<\/p>\n<p>En la hist\u00f3rica sede de la calle Azopardo al 800, el secretario general H\u00e9ctor Daer subray\u00f3: &#8220;Nosotros tomamos nota del acompa\u00f1amiento. El Gobierno debe tomar nota y reconfigurar su pol\u00edtica de ajuste, que nos est\u00e1 llevando a extremos&#8221;.<\/p>\n<p>Adem\u00e1s, describi\u00f3 la acci\u00f3n como un &#8220;llamado de atenci\u00f3n a las autoridades&#8221;, al hacer referencia al amplio respaldo que el paro general recibi\u00f3 de distintos sectores de la sociedad.<\/p>\n<p>&#8220;Fuimos al paro porque el ajuste recay\u00f3 sobre los jubilados y sobre los sectores m\u00e1s vulnerables&#8221;, subray\u00f3 el dirigente del gremio de Sanidad, que cuestion\u00f3 a quienes aseguraron que la medida &#8220;no ten\u00eda explicaci\u00f3n&#8221;.<\/p>\n<p>En la conferencia tambi\u00e9n participaron Pablo Moyano, secretario adjunto del gremio de Camioneros; Carlos Acu\u00f1a, otro de los secretarios generales de la CGT; Andr\u00e9s Rodr\u00edguez, representante de UPCN; y Julio Piumato, secretario general del sindicato de judiciales, entre otros.<\/p>\n<p>&#8220;Les doli\u00f3, si hubiera sido un fracaso como dijo la ministra no tendr\u00edan necesidad de responder. Felicito a todos los que salieron a bancar el paro. Lo que nos digan estos personajes nos tienen sin cuidado&#8221;, sostuvo Moyano.<\/p>\n<p>El referente de Camioneros minimiz\u00f3 las cr\u00edticas del Gobierno al paro y afirm\u00f3 que podr\u00eda haber &#8220;mayor conflictividad&#8221; si el oficialismo no cambia sus pol\u00edticas.<\/p>\n<p>&#8220;Lejos de ser sustentable, se est\u00e1 llevando a extremos a sectores de la ciudadan\u00eda que dif\u00edcilmente se puedan recuperar si esto sigue&#8221;, enfatiz\u00f3 Daer.<\/p>\n<p>Andr\u00e9s Rodr\u00edguez tambi\u00e9n habl\u00f3 durante la conferencia y expres\u00f3: &#8220;Si no hay cambios, seguiremos con las medidas de fuerza&#8221;.<\/p>\n<p>Piumato, por su parte, se\u00f1al\u00f3 que &#8220;este paro actu\u00f3 con las garant\u00edas de la Constituci\u00f3n nacional y las que el Gobierno quiere violentar&#8221;.<\/p>\n<p>El paro general fue convocado en respuesta a las pol\u00edticas econ\u00f3micas del gobierno, que los sindicatos consideran perjudiciales para los trabajadores. En particular, criticaron las pol\u00edticas de ajuste en los salarios, que afectan el poder adquisitivo de la poblaci\u00f3n.<\/p>\n<p>Los dirigentes sindicales subrayaron que el alto acatamiento al paro reflej\u00f3 el descontento generalizado con la situaci\u00f3n econ\u00f3mica actual y subrayaron la necesidad de que el gobierno reeval\u00fae su estrategia.<\/p>\n<p>Adem\u00e1s, se\u00f1alaron que el paro general no es un fin en s\u00ed mismo, sino una se\u00f1al de advertencia para que el gobierno cambie el rumbo de sus pol\u00edticas.<\/p>\n","protected":false},"excerpt":{"rendered":"<p>El Gobierno descalific\u00f3 el paro general que llev\u00f3 a cabo la CGT. El vocero presidencial, Manuel Adorni, dijo que la mayor\u00eda de los argentinos &#8220;desprecia&#8221; a los l\u00edderes sindicales &nbsp; &nbsp; El Gobierno descalific\u00f3 el paro general que llev\u00f3 a cabo la CGT este jueves, al que calific\u00f3 de &#8220;el m\u00e1s d\u00e9bil de la historia&#8221;, y el vocero presidencial, Manuel Adorni, dijo que la mayor\u00eda de los argentinos &#8220;desprecia&#8221; a los l\u00edderes sindicales. &#8220;Fue un fracaso absoluto&#8221;, dijo en su habitual conferencia de prensa. As\u00ed sali\u00f3 al cruce de la&#8230;<\/p>\n","protected":false},"author":3,"featured_media":114050,"comment_status":"closed","ping_status":"closed","sticky":false,"template":"","format":"standard","meta":[],"categories":[18],"tags":[],"_links":{"self":[{"href":"https:\/\/www.actualidadadiario.com\/index.php\/wp-json\/wp\/v2\/posts\/114313"}],"collection":[{"href":"https:\/\/www.actualidadadiario.com\/index.php\/wp-json\/wp\/v2\/posts"}],"about":[{"href":"https:\/\/www.actualidadadiario.com\/index.php\/wp-json\/wp\/v2\/types\/post"}],"author":[{"embeddable":true,"href":"https:\/\/www.actualidadadiario.com\/index.php\/wp-json\/wp\/v2\/users\/3"}],"replies":[{"embeddable":true,"href":"https:\/\/www.actualidadadiario.com\/index.php\/wp-json\/wp\/v2\/comments?post=114313"}],"version-history":[{"count":1,"href":"https:\/\/www.actualidadadiario.com\/index.php\/wp-json\/wp\/v2\/posts\/114313\/revisions"}],"predecessor-version":[{"id":114314,"href":"https:\/\/www.actualidadadiario.com\/index.php\/wp-json\/wp\/v2\/posts\/114313\/revisions\/114314"}],"wp:featuredmedia":[{"embeddable":true,"href":"https:\/\/www.actualidadadiario.com\/index.php\/wp-json\/wp\/v2\/media\/114050"}],"wp:attachment":[{"href":"https:\/\/www.actualidadadiario.com\/index.php\/wp-json\/wp\/v2\/media?parent=114313"}],"wp:term":[{"taxonomy":"category","embeddable":true,"href":"https:\/\/www.actualidadadiario.com\/index.php\/wp-json\/wp\/v2\/categories?post=114313"},{"taxonomy":"post_tag","embeddable":true,"href":"https:\/\/www.actualidadadiario.com\/index.php\/wp-json\/wp\/v2\/tags?post=114313"}],"curies":[{"name":"wp","href":"https:\/\/api.w.org\/{rel}","templated":true}]}}