{"id":114305,"date":"2024-05-10T12:49:00","date_gmt":"2024-05-10T15:49:00","guid":{"rendered":"https:\/\/www.actualidadadiario.com\/?p=114305"},"modified":"2024-05-10T12:49:00","modified_gmt":"2024-05-10T15:49:00","slug":"el-enojo-de-milei-en-una-entrevista-con-un-medio-de-eeuu-es-una-falta-de-respeto","status":"publish","type":"post","link":"https:\/\/www.actualidadadiario.com\/index.php\/2024\/05\/10\/el-enojo-de-milei-en-una-entrevista-con-un-medio-de-eeuu-es-una-falta-de-respeto\/","title":{"rendered":"El enojo de Milei en una entrevista con un medio de EEUU: &#8220;Es una falta de respeto&#8221;"},"content":{"rendered":"<p style=\"text-align: center;\"><em><strong>En una nota para Univisi\u00f3n, el mandatario habl\u00f3 del futuro de la econom\u00eda, los v\u00ednculos internacionales y el tratamiento de la Ley Bases en el Senado<\/strong><\/em><\/p>\n<p>&nbsp;<\/p>\n<p>&nbsp;<\/p>\n<p>El presidente Javier Milei se mostr\u00f3 optimista por la aprobaci\u00f3n de la Ley Bases en el Senado y vaticin\u00f3 un crecimiento econ\u00f3mico con impacto en una mejor calidad de vida para los jubilados.<\/p>\n<p>En plena entrevista para el medio estadounidense Univisi\u00f3n, el mandatario protagoniz\u00f3 adem\u00e1s un altercado con periodista Carolina Rosario, quien intent\u00f3 ahondar en temas personales.<\/p>\n<p>\u201cNo contesto temas personales&#8221;, repiti\u00f3 tres veces a pesar de haber revelado que \u201cpor preservar la obra de los Rolling Stone\u201d dej\u00f3 de tocar sus canciones, tras la consulta period\u00edstica, al tiempo que remat\u00f3: &#8220;No tengo por qu\u00e9. Me parece una falta de respeto adem\u00e1s\u201d.<\/p>\n<p>&nbsp;<\/p>\n<p><strong>Ley Bases<\/strong><\/p>\n<p>A pesar de los vaivenes en el Congreso, el jefe de Estado asegur\u00f3 que en el Gobierno est\u00e1n \u201cmuy confiados en que va a salir en el Senado&#8221; y a\u00f1adi\u00f3: &#8220;Nos va a permitir un fuerte impulso a la inversi\u00f3n\u201d. Adem\u00e1s, sostuvo que su administraci\u00f3n apuesta a mejorar el r\u00e9gimen de inversiones y el laboral.<\/p>\n<p>Asimismo, sobre la realidad econ\u00f3mica de los jubilados, se\u00f1al\u00f3: \u201c\u00bfEntiendo que no alcanza? S\u00ed, pero las cosas est\u00e1n mejorando y van a mejorar m\u00e1s\u201d.<\/p>\n<p>&nbsp;<\/p>\n<p><strong>Presencia iran\u00ed<\/strong><\/p>\n<p>En otro pasaje de la entrevista, admiti\u00f3 presencia iran\u00ed en las inmediaciones de la Argentina, y revel\u00f3 que la administraci\u00f3n libertaria las detect\u00f3 y las monitorea. \u201cHay en pa\u00edses fronterizos temas que se est\u00e1n mirando. Pero, si usted juega al p\u00f3ker, no muestra todas las cartas. Tengo que cuidar el inter\u00e9s de los argentinos\u201d, se escud\u00f3 al respecto.<\/p>\n<p>Tambi\u00e9n revel\u00f3 que, por cuestiones de seguridad, debi\u00f3 dejar de viajar en vuelos comerciales y utilizar aviones privados para trasladarse debido a la exposici\u00f3n que somet\u00eda a los pasajeros de la aeronave.<\/p>\n<p>\u201cSi me subo a un avi\u00f3n comercial, pongo en riesgo a los que vuelan conmigo. Los usaba porque sal\u00edan m\u00e1s barato y le voy a confesar algo, me gusta interactuar con la gente, por eso me iba a pasear por el avi\u00f3n y charlar con la gente\u201d, revel\u00f3.<\/p>\n<p>&nbsp;<\/p>\n<p><strong>Conflicto en Medio Oriente<\/strong><\/p>\n<p>Para el Presidente, las protestas a nivel mundial en defensa de Palestina son \u201cuna aberraci\u00f3n\u201d, y denunci\u00f3 adem\u00e1s un \u201ccomportamiento antisemita que se est\u00e1 dando en algunas universidades, amparados por las autoridades\u201d.<\/p>\n<p>Seg\u00fan precis\u00f3, la Argentina est\u00e1 parada \u201cdel lado correcto de la historia\u201d que es \u201cdel lado de occidente, de Estados Unidos\u201d y defendi\u00f3 el accionar del Estado de Israel. \u201cVamos a utilizar todos los recursos para defendernos de los terroristas\u201d, plante\u00f3.<\/p>\n<p>&nbsp;<\/p>\n<p><strong>Relaci\u00f3n con Petro y Maduro<\/strong><\/p>\n<p>Por otra parte, Milei le baj\u00f3 el tono al duro intercambio que protagoniz\u00f3 con su par colombiano, Gustavo Petro, a quien tild\u00f3 \u201casesino terrorista\u201d, y dijo que \u201ces m\u00e1s fuerte el lazo entre los argentinos y colombianos&#8221;<\/p>\n<p>\u201cEstas cosas las tomo como acci\u00f3n y reacci\u00f3n, nunca soy el que agrede primero, pero tengo el h\u00e1bito de defenderme\u201d, cont\u00f3, y sum\u00f3: \u201cM\u00e1s all\u00e1 de algunas diferencias personales, cada uno tiene que respetar lo que tiene que ver con su pa\u00eds\u201d.<\/p>\n<p>Consultado por su par venezolano, Nicol\u00e1s Maduro, respondi\u00f3: \u201cNo tengo nada que hablar con Nicol\u00e1s Maduro porque es un dictador. Me parece que va a haber que dar una batalla en el control de la elecci\u00f3n porque el r\u00e9gimen est\u00e1 tratando de hacer de las suyas\u201d.<\/p>\n<p>\u201cEs muy delicado lo que est\u00e1 pasando en Venezuela y hay que controlar esas elecciones\u201d, complet\u00f3.<\/p>\n<p>&nbsp;<\/p>\n<p><strong>\u00bfTrump o Biden?<\/strong><\/p>\n<p>Por \u00faltimo, el mandatario habl\u00f3 de las elecciones en Estados Unidos que se celebrar\u00e1n el 5 de noviembre y, si bien destac\u00f3 su relaci\u00f3n con el republicano Donald Trump, evit\u00f3 tomar posici\u00f3n. \u201cEstados Unidos es un aliado, independientemente sea gobernador por un dem\u00f3crata o un republicano\u201d, expres\u00f3.<\/p>\n<p>\u201cTengo una excelente relaci\u00f3n con Trump, y es m\u00e1s, con el gobierno de Biden tengo una excelente relaci\u00f3n. A Trump le valoro c\u00f3mo entiende la batalla cultural, que el enemigo es el socialismo, el estatismo y el colectivismo\u201d, concluy\u00f3.<\/p>\n","protected":false},"excerpt":{"rendered":"<p>En una nota para Univisi\u00f3n, el mandatario habl\u00f3 del futuro de la econom\u00eda, los v\u00ednculos internacionales y el tratamiento de la Ley Bases en el Senado &nbsp; &nbsp; El presidente Javier Milei se mostr\u00f3 optimista por la aprobaci\u00f3n de la Ley Bases en el Senado y vaticin\u00f3 un crecimiento econ\u00f3mico con impacto en una mejor calidad de vida para los jubilados. En plena entrevista para el medio estadounidense Univisi\u00f3n, el mandatario protagoniz\u00f3 adem\u00e1s un altercado con periodista Carolina Rosario, quien intent\u00f3 ahondar en temas personales. \u201cNo contesto temas personales&#8221;, repiti\u00f3&#8230;<\/p>\n","protected":false},"author":3,"featured_media":114306,"comment_status":"closed","ping_status":"closed","sticky":false,"template":"","format":"standard","meta":[],"categories":[18],"tags":[],"_links":{"self":[{"href":"https:\/\/www.actualidadadiario.com\/index.php\/wp-json\/wp\/v2\/posts\/114305"}],"collection":[{"href":"https:\/\/www.actualidadadiario.com\/index.php\/wp-json\/wp\/v2\/posts"}],"about":[{"href":"https:\/\/www.actualidadadiario.com\/index.php\/wp-json\/wp\/v2\/types\/post"}],"author":[{"embeddable":true,"href":"https:\/\/www.actualidadadiario.com\/index.php\/wp-json\/wp\/v2\/users\/3"}],"replies":[{"embeddable":true,"href":"https:\/\/www.actualidadadiario.com\/index.php\/wp-json\/wp\/v2\/comments?post=114305"}],"version-history":[{"count":1,"href":"https:\/\/www.actualidadadiario.com\/index.php\/wp-json\/wp\/v2\/posts\/114305\/revisions"}],"predecessor-version":[{"id":114307,"href":"https:\/\/www.actualidadadiario.com\/index.php\/wp-json\/wp\/v2\/posts\/114305\/revisions\/114307"}],"wp:featuredmedia":[{"embeddable":true,"href":"https:\/\/www.actualidadadiario.com\/index.php\/wp-json\/wp\/v2\/media\/114306"}],"wp:attachment":[{"href":"https:\/\/www.actualidadadiario.com\/index.php\/wp-json\/wp\/v2\/media?parent=114305"}],"wp:term":[{"taxonomy":"category","embeddable":true,"href":"https:\/\/www.actualidadadiario.com\/index.php\/wp-json\/wp\/v2\/categories?post=114305"},{"taxonomy":"post_tag","embeddable":true,"href":"https:\/\/www.actualidadadiario.com\/index.php\/wp-json\/wp\/v2\/tags?post=114305"}],"curies":[{"name":"wp","href":"https:\/\/api.w.org\/{rel}","templated":true}]}}