{"id":114300,"date":"2024-05-10T12:45:08","date_gmt":"2024-05-10T15:45:08","guid":{"rendered":"https:\/\/www.actualidadadiario.com\/?p=114300"},"modified":"2024-05-10T12:45:08","modified_gmt":"2024-05-10T15:45:08","slug":"el-gobierno-vuelve-sobre-sus-pasos-con-la-ley-de-bases-analiza-cambios-para-ganancias-y-el-rigi-las-negociaciones","status":"publish","type":"post","link":"https:\/\/www.actualidadadiario.com\/index.php\/2024\/05\/10\/el-gobierno-vuelve-sobre-sus-pasos-con-la-ley-de-bases-analiza-cambios-para-ganancias-y-el-rigi-las-negociaciones\/","title":{"rendered":"El Gobierno vuelve sobre sus pasos con la Ley de Bases, analiza cambios para Ganancias y el RIGI: las negociaciones"},"content":{"rendered":"<p style=\"text-align: center;\"><em><strong>Desde el Ejecutivo se exploran alternativas para destrabar la votaci\u00f3n en el Senado. El caso UCR y el Pacto de Mayo y una legisladora del PRO que ser\u00e1 clave. Karina Milei en tanto sigue con el armado legal del partido y desembarca en Santa Fe<\/strong><\/em><\/p>\n<p>&nbsp;<\/p>\n<p>&nbsp;<\/p>\n<p>El Gobierno deber\u00e1 esperar por un mayor consenso parlamentario y que lleguen a buen puerto las tratativas entre el Senado y la Casa Rosada en torno a la Ley Bases y el paquete fiscal, y la sanci\u00f3n definitiva del proyecto propiciado por el Ejecutivo, a contrarreloj del promocionado Pacto de Mayo en C\u00f3rdoba.<\/p>\n<p>Ayer, mientras en la C\u00e1mara alta el secretario de Hacienda defend\u00eda el paquete fiscal del gobierno y se desarrollaba el paro general de la CGT, un grupo de funcionarios y colaboradores del presidente intentaba encarrilar las negociaciones que en las \u00faltimas 72 horas se volvieron a empantanar en el Senado, donde La Libertad Avanza tiene franca minor\u00eda.<\/p>\n<p>Eduardo \u201cLule\u201d Menem, mano derecha de la decisiva secretaria General de la Presidencia, un funcionario con cada vez m\u00e1s vinculaci\u00f3n con el sistema pol\u00edtico, insisti\u00f3 en el tel\u00e9fono de algunos operadores radicales con influencia directa sobre el bloque de senadores de la UCR. En simult\u00e1neo, Santiago Caputo, el principal estratega de la Casa Rosada, hac\u00eda lo propio con otros interlocutores con incidencia directa en el Senado y, en particular, en los gobernadores. Tambi\u00e9n el ministro Guillermo Francos, que recibi\u00f3 de manera sigilosa a Gustavo S\u00e1enz (Salta), Alberto Weretilneck (R\u00edo Negro) y Ra\u00fal Jalil (Catamarca), tres jefes provinciales con los que el gobierno tiene buena sinton\u00eda.<\/p>\n<p>Karina Milei, en tanto, estuvo al frente del encuentro que aglutin\u00f3 a diputados libertarios y colegas del PRO, liderados por Cristian Ritondo, que el mi\u00e9rcoles al mediod\u00eda almorz\u00f3 por primera vez con la hermana del presidente, dos reuniones que exhiben que, para el gobierno, el regreso de la Ley Bases y el paquete fiscal a la C\u00e1mara baja, tras la media sanci\u00f3n de la semana pasada, es casi un hecho. No fue el cronograma que, en principio, se hab\u00edan trazado desde el Ejecutivo cuando el proyecto sali\u00f3 de Diputados.<\/p>\n<p>En el gobierno entend\u00edan que pod\u00edan tener un apoyo en general del texto y que, en todo caso, deb\u00edan negociar modificaciones en algunos cap\u00edtulos que arrastran el rechazo no solo del PJ si no tambi\u00e9n del radicalismo, como el blanqueo para familiares, Ganancias y el R\u00e9gimen de Incentivo a las Grandes Inversiones (RIGI), uno de los m\u00e1s resistidos por un grupo de gobernadores.<\/p>\n<p>En las \u00faltimas 24 horas, el escenario dio un giro: desde el Senado confiaron a este medio que el Ejecutivo a\u00fan ni siquiera tiene los votos para un dictamen de mayor\u00eda. Es que las comisiones de la C\u00e1mara alta abocadas a este tema tienen preponderancia de legisladores del peronismo kirchnerista y del radicalismo referenciado en Mart\u00edn Lousteau, el presidente del comit\u00e9 nacional.<\/p>\n<p>El gobierno empez\u00f3 a explorar en ese sentido en las \u00faltimas horas un acercamiento con ese sector del radicalismo que cuenta con una aliada clave: la senadora Guadalupe Tagliaferri, del PRO, una legisladora que todav\u00eda conserva su referencia pol\u00edtica en Horacio Rodr\u00edguez Larreta y que teji\u00f3 en el Senado un v\u00ednculo muy s\u00f3lido con Lousteau. Tagliaferri, por caso, se asesor\u00f3 con el ex jefe de Gobierno porte\u00f1o en la votaci\u00f3n de marzo en la que se rechaz\u00f3 el DNU 70 ideado por Federico Sturzenegger, y que tuvo el voto negativo del presidente del radicalismo. Rodr\u00edguez Larreta le pidi\u00f3 que lo acompa\u00f1e.<\/p>\n<p>La sociedad ad hoc entre Tagliaferri y Lousteau, que en estas \u00faltimas 72 horas qued\u00f3 bien expuesta en el Senado en la discusi\u00f3n en el plenario de comisiones en torno a la Ley Bases y el paquete fiscal tiene por delante un desaf\u00edo pol\u00edtico interesante: son las dos bancas de la ex coalici\u00f3n de Juntos por el Cambio que deben renovarse por la ciudad de Buenos Aires. Se prev\u00e9, a priori, una disputa de enorme trascendencia entre LLA, el PRO y la UCR.<\/p>\n<p>El bloque de senadores de la UCR cuenta con 13 miembros. Con al menos una docena de ellos, con excepci\u00f3n del jefe del comit\u00e9 nacional, el gobierno contaba hasta el martes como posibles aliados en la previa de la votaci\u00f3n, en general, de la Ley Bases. Tambi\u00e9n con senadores del peronismo y de movimientos provinciales que no est\u00e1n referenciados en ning\u00fan gobernador, como en Neuqu\u00e9n, Entre R\u00edos, Santa Cruz o Corrientes. \u201cSe est\u00e1 abriendo mucho el debate\u201d, asegur\u00f3 uno de esos legisladores que preve\u00eda acompa\u00f1ar en general al Ejecutivo pero que ten\u00eda por estas horas grandes reparos en algunos rubros en particular. En ese aspecto, el panorama es ahora incierto.<\/p>\n<p>En la semana, adem\u00e1s circul\u00f3 la posibilidad de que algunos senadores del bloque del peronismo kirchnerista, de los 33, colabore con el gobierno. Se mencion\u00f3, por ejemplo, el caso de San Juan, aunque trascendi\u00f3 que el fuerte lobby minero relacionado con el cap\u00edtulo RIGI mantendr\u00eda ese voto en rechazo al gobierno. Circularon, por su parte, versiones de posible ausencia de algunos senadores. Son todas opciones que por ahora no terminan de verificarse por la Casa Rosada.<\/p>\n<p>Anoche, fuentes de la C\u00e1mara alta anticiparon, en tanto, que de embarrarse a\u00fan m\u00e1s las negociaciones podr\u00eda haber dos dict\u00e1menes. O la chance de que, en algunos art\u00edculos en particular, se introduzcan modificaciones con dos tercios de los votos, lo que obligar\u00eda en ese caso al oficialismo, si esos cambios vuelvan a Diputados, a insistir con la media sanci\u00f3n original con la misma cantidad de adhesiones.<\/p>\n<p>En ese sentido, ayer tambi\u00e9n trascendi\u00f3 de fuentes oficiales que Milei estar\u00eda dispuesto a ceder adem\u00e1s con la inclusi\u00f3n en el Pacto del 25 de Mayo e incorporar un cap\u00edtulo relacionado con la educaci\u00f3n, uno de los pedidos que hab\u00eda formulado especialmente el radicalismo, que advirti\u00f3 esta semana con la posibilidad de machacar en el Parlamento con un proyecto vinculado con el financiamiento de las universidades, un tema que le fascina al sector de la UCR que el mes pasado foment\u00f3 la masiva marcha multitudinaria en defensa del presupuesto y la gratuidad de la universidad p\u00fablica.<\/p>\n<p>En este nuevo escenario, el gobierno avanza, de todos modos, con los preparativos para el Pacto de Mayo que Milei quiere celebrar en el Palacio de Justicia cordob\u00e9s el 25 de mayo pr\u00f3ximo, a pesar de que a\u00fan no se cursaron oficialmente las invitaciones. Un jefe de bloque ya sac\u00f3 anticipadamente pasajes de avi\u00f3n para ese d\u00eda. El plan original del presidente consiste a\u00fan en tener aprobada en general la Ley Bases y el paquete fiscal.<\/p>\n<p>Asimismo, el s\u00e1bado, la secretaria General de la Presidencia, Karina Milei, viajar\u00e1 a Santa Fe junto a Mart\u00edn Menem para el evento de lanzamiento \u201cy pre afiliaci\u00f3n\u201d de La Libertad Avanza en ese distrito. Un paso m\u00e1s en la estrategia de la hermana del presidente de obtener la personer\u00eda legal del partido para tener esa herramienta jur\u00eddica de cara a las elecciones del a\u00f1o pr\u00f3ximo. Karina Milei estar\u00e1 acompa\u00f1ada por Romina Diez, la referente local que hasta hace alg\u00fan tiempo hab\u00eda repartido su tiempo pol\u00edtico entre la Fundaci\u00f3n Libertad y el PRO.<\/p>\n","protected":false},"excerpt":{"rendered":"<p>Desde el Ejecutivo se exploran alternativas para destrabar la votaci\u00f3n en el Senado. El caso UCR y el Pacto de Mayo y una legisladora del PRO que ser\u00e1 clave. Karina Milei en tanto sigue con el armado legal del partido y desembarca en Santa Fe &nbsp; &nbsp; El Gobierno deber\u00e1 esperar por un mayor consenso parlamentario y que lleguen a buen puerto las tratativas entre el Senado y la Casa Rosada en torno a la Ley Bases y el paquete fiscal, y la sanci\u00f3n definitiva del proyecto propiciado por el&#8230;<\/p>\n","protected":false},"author":3,"featured_media":111930,"comment_status":"closed","ping_status":"closed","sticky":false,"template":"","format":"standard","meta":[],"categories":[9],"tags":[],"_links":{"self":[{"href":"https:\/\/www.actualidadadiario.com\/index.php\/wp-json\/wp\/v2\/posts\/114300"}],"collection":[{"href":"https:\/\/www.actualidadadiario.com\/index.php\/wp-json\/wp\/v2\/posts"}],"about":[{"href":"https:\/\/www.actualidadadiario.com\/index.php\/wp-json\/wp\/v2\/types\/post"}],"author":[{"embeddable":true,"href":"https:\/\/www.actualidadadiario.com\/index.php\/wp-json\/wp\/v2\/users\/3"}],"replies":[{"embeddable":true,"href":"https:\/\/www.actualidadadiario.com\/index.php\/wp-json\/wp\/v2\/comments?post=114300"}],"version-history":[{"count":1,"href":"https:\/\/www.actualidadadiario.com\/index.php\/wp-json\/wp\/v2\/posts\/114300\/revisions"}],"predecessor-version":[{"id":114301,"href":"https:\/\/www.actualidadadiario.com\/index.php\/wp-json\/wp\/v2\/posts\/114300\/revisions\/114301"}],"wp:featuredmedia":[{"embeddable":true,"href":"https:\/\/www.actualidadadiario.com\/index.php\/wp-json\/wp\/v2\/media\/111930"}],"wp:attachment":[{"href":"https:\/\/www.actualidadadiario.com\/index.php\/wp-json\/wp\/v2\/media?parent=114300"}],"wp:term":[{"taxonomy":"category","embeddable":true,"href":"https:\/\/www.actualidadadiario.com\/index.php\/wp-json\/wp\/v2\/categories?post=114300"},{"taxonomy":"post_tag","embeddable":true,"href":"https:\/\/www.actualidadadiario.com\/index.php\/wp-json\/wp\/v2\/tags?post=114300"}],"curies":[{"name":"wp","href":"https:\/\/api.w.org\/{rel}","templated":true}]}}