{"id":114289,"date":"2024-05-10T11:54:21","date_gmt":"2024-05-10T14:54:21","guid":{"rendered":"https:\/\/www.actualidadadiario.com\/?p=114289"},"modified":"2024-05-10T11:54:21","modified_gmt":"2024-05-10T14:54:21","slug":"vacunaran-contra-el-dengue-en-zonas-endemicas-del-pais","status":"publish","type":"post","link":"https:\/\/www.actualidadadiario.com\/index.php\/2024\/05\/10\/vacunaran-contra-el-dengue-en-zonas-endemicas-del-pais\/","title":{"rendered":"Vacunar\u00e1n contra el dengue en zonas end\u00e9micas del pa\u00eds"},"content":{"rendered":"<p style=\"text-align: center;\"><em><strong>Tendr\u00e1 como poblaci\u00f3n objetivo las personas de 15 a 39 a\u00f1os en departamentos priorizados seg\u00fan situaci\u00f3n epidemiol\u00f3gica. Se dar\u00e1 inicio por etapas y se avanzar\u00e1 de manera din\u00e1mica, progresiva, y escalonada de acuerdo con la disponibilidad de vacunas y seg\u00fan las estrategias ya implementadas por las jurisdicciones. Aclaran que no es una inmunizaci\u00f3n para incorporar al Calendario Nacional para todas las jurisdicciones<\/strong><\/em><\/p>\n<p>&nbsp;<\/p>\n<p>&nbsp;<\/p>\n<p>El pa\u00eds incorporar\u00e1 la vacuna contra el dengue a un plan de trabajo con las provincias para evitar una epidemia por tercer a\u00f1o consecutivo y con la magnitud que alcanz\u00f3 la de esta temporada. La determinaci\u00f3n la dio a conocer en las \u00faltimas horas el Ministerio de Salud de la Naci\u00f3n luego de que la Comisi\u00f3n Nacional de Inmunizaciones (Conain) llegara a una recomendaci\u00f3n a partir de nuevos datos relevados en los \u00faltimos meses.<\/p>\n<p>\u201cComo hemos venido diciendo desde que asumimos, siempre nos vamos a apoyar en la evidencia cient\u00edfica y en los datos para tomar decisiones. Hoy tenemos las recomendaciones de CONAIN y vamos a definir junto con las provincias la estrategia de inmunizaci\u00f3n focalizada en zonas end\u00e9micas y de alta circulaci\u00f3n, como una herramienta m\u00e1s dentro del Plan Integral que estamos presentando\u201d, expres\u00f3 el ministro de Salud de la Naci\u00f3n, Mario Russo.<\/p>\n<p>&nbsp;<\/p>\n<p><strong>Zonas end\u00e9micas<\/strong><\/p>\n<p>La vacunaci\u00f3n ser\u00e1 focalizada en las zonas end\u00e9micas del pa\u00eds con alta circulaci\u00f3n viral, como las provincias del norte del pa\u00eds. Ser\u00e1 apenas una herramienta m\u00e1s de un conjunto de medidas que, aunque son conocidas, los m\u00e1s de 400.000 casos y los 301 fallecidos oficializados hasta, demuestran que no se pusieron en pr\u00e1ctica a pesar de las se\u00f1ales de alarma que se activaron durante el a\u00f1o pasado.<\/p>\n<p>Esas medidas incluyen desde reducir la presencia del mosquito vector con la eliminaci\u00f3n de reservorios en los domicilios y el espacio p\u00fablico durante los pr\u00f3ximos meses hasta la detecci\u00f3n m\u00e1s r\u00e1pida de nuevos casos para intervenir a tiempo en los domicilios y eliminar el mosquito vector, adem\u00e1s del diagn\u00f3stico adecuado y la atenci\u00f3n oportuna para disminuir formas grave de la enfermedad.<\/p>\n<p>&nbsp;<\/p>\n<p><strong>Sobre la vacuna: recomendaciones de la CONAIN<\/strong><\/p>\n<p>Seg\u00fan la situaci\u00f3n epidemiol\u00f3gica actual, no es una vacuna para incorporar al Calendario Nacional para todas las jurisdicciones del pa\u00eds. Se plantea como una estrategia focalizada.<\/p>\n<p>La estrategia focalizada de vacunaci\u00f3n tendr\u00e1 como poblaci\u00f3n objetivo las personas de 15 a 39 a\u00f1os en departamentos priorizados seg\u00fan situaci\u00f3n epidemiol\u00f3gica. Se dar\u00e1 inicio por etapas con la poblaci\u00f3n de 15 a 19 a\u00f1os y se avanzar\u00e1 de manera din\u00e1mica, progresiva, y escalonada de acuerdo con la disponibilidad de vacunas y seg\u00fan las estrategias ya implementadas por las jurisdicciones. Es fundamental el comienzo antes del periodo de mayor circulaci\u00f3n viral a lo fin de completar el esquema previsto y la priorizaci\u00f3n de la poblaci\u00f3n seropositiva, desde lo comunicacional, en las jurisdicciones seleccionadas. No hay datos actuales disponibles sobre campa\u00f1as reactivas para frenar brotes epid\u00e9micos con la vacuna contra el dengue.<\/p>\n<p>Esta estrategia se debe acompa\u00f1ar de una vigilancia intensificada de la seguridad de la vacuna. Se acuerda avanzar con los estudios econ\u00f3micos y de efectividad.<\/p>\n","protected":false},"excerpt":{"rendered":"<p>Tendr\u00e1 como poblaci\u00f3n objetivo las personas de 15 a 39 a\u00f1os en departamentos priorizados seg\u00fan situaci\u00f3n epidemiol\u00f3gica. Se dar\u00e1 inicio por etapas y se avanzar\u00e1 de manera din\u00e1mica, progresiva, y escalonada de acuerdo con la disponibilidad de vacunas y seg\u00fan las estrategias ya implementadas por las jurisdicciones. Aclaran que no es una inmunizaci\u00f3n para incorporar al Calendario Nacional para todas las jurisdicciones &nbsp; &nbsp; El pa\u00eds incorporar\u00e1 la vacuna contra el dengue a un plan de trabajo con las provincias para evitar una epidemia por tercer a\u00f1o consecutivo y con&#8230;<\/p>\n","protected":false},"author":3,"featured_media":100920,"comment_status":"closed","ping_status":"closed","sticky":false,"template":"","format":"standard","meta":[],"categories":[2],"tags":[],"_links":{"self":[{"href":"https:\/\/www.actualidadadiario.com\/index.php\/wp-json\/wp\/v2\/posts\/114289"}],"collection":[{"href":"https:\/\/www.actualidadadiario.com\/index.php\/wp-json\/wp\/v2\/posts"}],"about":[{"href":"https:\/\/www.actualidadadiario.com\/index.php\/wp-json\/wp\/v2\/types\/post"}],"author":[{"embeddable":true,"href":"https:\/\/www.actualidadadiario.com\/index.php\/wp-json\/wp\/v2\/users\/3"}],"replies":[{"embeddable":true,"href":"https:\/\/www.actualidadadiario.com\/index.php\/wp-json\/wp\/v2\/comments?post=114289"}],"version-history":[{"count":1,"href":"https:\/\/www.actualidadadiario.com\/index.php\/wp-json\/wp\/v2\/posts\/114289\/revisions"}],"predecessor-version":[{"id":114290,"href":"https:\/\/www.actualidadadiario.com\/index.php\/wp-json\/wp\/v2\/posts\/114289\/revisions\/114290"}],"wp:featuredmedia":[{"embeddable":true,"href":"https:\/\/www.actualidadadiario.com\/index.php\/wp-json\/wp\/v2\/media\/100920"}],"wp:attachment":[{"href":"https:\/\/www.actualidadadiario.com\/index.php\/wp-json\/wp\/v2\/media?parent=114289"}],"wp:term":[{"taxonomy":"category","embeddable":true,"href":"https:\/\/www.actualidadadiario.com\/index.php\/wp-json\/wp\/v2\/categories?post=114289"},{"taxonomy":"post_tag","embeddable":true,"href":"https:\/\/www.actualidadadiario.com\/index.php\/wp-json\/wp\/v2\/tags?post=114289"}],"curies":[{"name":"wp","href":"https:\/\/api.w.org\/{rel}","templated":true}]}}