{"id":114287,"date":"2024-05-10T11:53:37","date_gmt":"2024-05-10T14:53:37","guid":{"rendered":"https:\/\/www.actualidadadiario.com\/?p=114287"},"modified":"2024-05-10T11:53:37","modified_gmt":"2024-05-10T14:53:37","slug":"se-derrumba-el-empleo-en-la-construccion-las-cinco-provincias-donde-mas-se-desplomo","status":"publish","type":"post","link":"https:\/\/www.actualidadadiario.com\/index.php\/2024\/05\/10\/se-derrumba-el-empleo-en-la-construccion-las-cinco-provincias-donde-mas-se-desplomo\/","title":{"rendered":"Se derrumba el empleo en la construcci\u00f3n: las cinco provincias donde m\u00e1s se desplom\u00f3"},"content":{"rendered":"<p style=\"text-align: center;\"><em><strong>Por la recesi\u00f3n y el fin de la obra p\u00fablica, se perdieron 84.000 puestos de trabajo en los \u00faltimos seis meses, la mayor ca\u00edda semestral desde 2011. En algunas provincias, la contracci\u00f3n interanual supera el 60%<\/strong><\/em><\/p>\n<p>&nbsp;<\/p>\n<p>&nbsp;<\/p>\n<p>La recesi\u00f3n y eliminaci\u00f3n de las partidas destinadas a la obra p\u00fablica siguen golpeando fuerte al sector de la construcci\u00f3n. Seg\u00fan datos del Instituto de Estad\u00edstica y Registros de la Industria de la Construcci\u00f3n, el empleo cay\u00f3 un 16,4% interanual en febrero, una contracci\u00f3n que, incluso, supera el 60% en algunas provincias.<\/p>\n<p>En los \u00faltimos seis meses, &#8220;se produjo una ca\u00edda generalizada del nivel de ocupaci\u00f3n sectorial&#8221;, argument\u00f3, con un total de 84 mil puestos de trabajo perdidos.<\/p>\n<p>Mientras que, en comparaci\u00f3n con noviembre, el mes previo a la asunci\u00f3n de Javier Milei como presidente, el volumen de ocupaci\u00f3n se ubic\u00f3 14,7% por debajo.<\/p>\n<p>Los n\u00fameros de febrero son los peores para un segundo mes del a\u00f1o, en algunos aspectos.<\/p>\n<p>&#8220;Esta evoluci\u00f3n si bien resulta esperable, dada la combinaci\u00f3n de factores estacionales con otros vinculados a la actual coyuntura macroecon\u00f3mica, representa la ca\u00edda de mayor magnitud de la serie&#8221;, expres\u00f3 el documento, que indic\u00f3, a su vez, que, &#8220;la din\u00e1mica de la ocupaci\u00f3n en estos meses se ha visto crecientemente afectada por las transiciones de mandato a nivel nacional&#8221;.<\/p>\n<p>A su vez, van en l\u00ednea con lo divulgado, en las \u00faltimas horas, por el Instituto Nacional de Estad\u00edstica y Censos (INDEC), que inform\u00f3 un desplome del 42,2% interanual de la construcci\u00f3n en marzo, lo que, a su vez, indica que el panorama respecto al empleo podr\u00eda empeorar en el corto plazo.<\/p>\n<p>&nbsp;<\/p>\n<p><strong>Construcci\u00f3n: cu\u00e1les fueron las provincias donde m\u00e1s cay\u00f3 el empleo<\/strong><\/p>\n<p>Seg\u00fan el IERIC, la provincia de <strong>Formosa<\/strong> fue la que mayor contracci\u00f3n sufri\u00f3, a nivel interanual, durante febrero, con una ca\u00edda del 63,7% en los puestos de trabajos registrados.<\/p>\n<p>Le acompa\u00f1an en el podio <strong>Chaco<\/strong> y <strong>La Rioja<\/strong>, con una baja del 57,9% y el 57,7%, respectivamente.<\/p>\n<p>Levemente por debajo del 50%, aunque a\u00fan con n\u00fameros m\u00e1s que significativos, se ubican <strong>San<\/strong> <strong>Luis<\/strong>, <strong>Santiago del Estero<\/strong> y <strong>Entre R\u00edos<\/strong>, con declives del 48,9%, del 42,2% y del 40,9%, espec\u00edficamente.<\/p>\n<p>En contraparte<strong>, Salta<\/strong> fue la \u00fanica que experiment\u00f3 un incremento en este aspecto, con una suba del 9%. Mientras que Neuqu\u00e9n mantuvo la misma base laboral del segundo mes del a\u00f1o pasado.<\/p>\n<p>Un caso particular, sin embargo, es el de la <strong>Provincia de Buenos Aires<\/strong>, que aunque tuvo, en el \u00edndice general, una baja del 13,7%, por su importancia en cuanto a cantidad de trabajadores registrados, &#8220;explic\u00f3 algo m\u00e1s de 1 de cada 3 puestos de destruidos durante el mes de febrero, en una participaci\u00f3n similar a la que ostenta en la estructura del empleo sectorial&#8221;, indic\u00f3 el informe.<\/p>\n<p>&#8220;La ca\u00edda del empleo durante febrero se explic\u00f3 principalmente por la contracci\u00f3n relativa de los planteles medios de las empresas y s\u00f3lo en segundo lugar por la disminuci\u00f3n del n\u00famero de empleadores del sector&#8221;, argument\u00f3.<\/p>\n<p>El promedio de las remuneraciones percibidas alcanz\u00f3 un valor de $465.112, lo que representa un aumento del 206,5% en los \u00faltimos 12 meses, marcando un incremento r\u00e9cord en la serie hist\u00f3rica, que se lleva adelante desde inicios de la d\u00e9cada pasada.<\/p>\n","protected":false},"excerpt":{"rendered":"<p>Por la recesi\u00f3n y el fin de la obra p\u00fablica, se perdieron 84.000 puestos de trabajo en los \u00faltimos seis meses, la mayor ca\u00edda semestral desde 2011. En algunas provincias, la contracci\u00f3n interanual supera el 60% &nbsp; &nbsp; La recesi\u00f3n y eliminaci\u00f3n de las partidas destinadas a la obra p\u00fablica siguen golpeando fuerte al sector de la construcci\u00f3n. Seg\u00fan datos del Instituto de Estad\u00edstica y Registros de la Industria de la Construcci\u00f3n, el empleo cay\u00f3 un 16,4% interanual en febrero, una contracci\u00f3n que, incluso, supera el 60% en algunas provincias&#8230;.<\/p>\n","protected":false},"author":3,"featured_media":71814,"comment_status":"closed","ping_status":"closed","sticky":false,"template":"","format":"standard","meta":[],"categories":[2],"tags":[],"_links":{"self":[{"href":"https:\/\/www.actualidadadiario.com\/index.php\/wp-json\/wp\/v2\/posts\/114287"}],"collection":[{"href":"https:\/\/www.actualidadadiario.com\/index.php\/wp-json\/wp\/v2\/posts"}],"about":[{"href":"https:\/\/www.actualidadadiario.com\/index.php\/wp-json\/wp\/v2\/types\/post"}],"author":[{"embeddable":true,"href":"https:\/\/www.actualidadadiario.com\/index.php\/wp-json\/wp\/v2\/users\/3"}],"replies":[{"embeddable":true,"href":"https:\/\/www.actualidadadiario.com\/index.php\/wp-json\/wp\/v2\/comments?post=114287"}],"version-history":[{"count":1,"href":"https:\/\/www.actualidadadiario.com\/index.php\/wp-json\/wp\/v2\/posts\/114287\/revisions"}],"predecessor-version":[{"id":114288,"href":"https:\/\/www.actualidadadiario.com\/index.php\/wp-json\/wp\/v2\/posts\/114287\/revisions\/114288"}],"wp:featuredmedia":[{"embeddable":true,"href":"https:\/\/www.actualidadadiario.com\/index.php\/wp-json\/wp\/v2\/media\/71814"}],"wp:attachment":[{"href":"https:\/\/www.actualidadadiario.com\/index.php\/wp-json\/wp\/v2\/media?parent=114287"}],"wp:term":[{"taxonomy":"category","embeddable":true,"href":"https:\/\/www.actualidadadiario.com\/index.php\/wp-json\/wp\/v2\/categories?post=114287"},{"taxonomy":"post_tag","embeddable":true,"href":"https:\/\/www.actualidadadiario.com\/index.php\/wp-json\/wp\/v2\/tags?post=114287"}],"curies":[{"name":"wp","href":"https:\/\/api.w.org\/{rel}","templated":true}]}}