{"id":114279,"date":"2024-05-10T10:49:59","date_gmt":"2024-05-10T13:49:59","guid":{"rendered":"https:\/\/www.actualidadadiario.com\/?p=114279"},"modified":"2024-05-10T10:49:59","modified_gmt":"2024-05-10T13:49:59","slug":"anuncian-un-fin-de-semana-bien-otonal-en-entre-rios","status":"publish","type":"post","link":"https:\/\/www.actualidadadiario.com\/index.php\/2024\/05\/10\/anuncian-un-fin-de-semana-bien-otonal-en-entre-rios\/","title":{"rendered":"Anuncian un fin de semana bien oto\u00f1al en Entre R\u00edos"},"content":{"rendered":"<p style=\"text-align: center;\"><em><strong>El pron\u00f3stico indica temperaturas todav\u00eda bajas para este viernes y el fin de semana en Entre R\u00edos. Habr\u00e1 elevada nubosidad<\/strong><\/em><\/p>\n<p>&nbsp;<\/p>\n<p>&nbsp;<\/p>\n<p>El Servicio Meteorol\u00f3gico Nacional -SMN- informa que se espera un viernes 10 de mayo con cielo mayormente nublado en Entre R\u00edos. En tanto, las temperaturas m\u00ednimas se mantendr\u00e1n bajas, con m\u00ednimas de 8 grados y m\u00e1ximas de hasta 17 grados.<\/p>\n<p>Durante la ma\u00f1ana de hoy, no se descartan algunas posibles inestabilidades en la zona norte de la provincia, aunque ser\u00edan eventos aislados y moment\u00e1neos. En tanto, el resto de Entre R\u00edos no espera precipitaciones.<\/p>\n<p>&nbsp;<\/p>\n<p><strong>Pron\u00f3stico para el fin de semana <\/strong><\/p>\n<p>De cara hacia el fin de semana, el pron\u00f3stico extendido anuncia un fin de semana oto\u00f1al en el territorio provincial. Las temperaturas se mantendr\u00e1n bajas tambi\u00e9n. Si bien habr\u00e1 variaciones t\u00e9rmicas, ser\u00e1n m\u00ednimas y no habr\u00e1 cambios bruscos de tiempo. Ello se debe a que persiste el viento sur y sureste.<\/p>\n<p>Las condiciones del tiempo seguir\u00e1n relativamente estables, aunque se informa por una elevada nubosidad en toda la provincia. Para el domingo de ma\u00f1ana, hay una baja probabilidad de lloviznas aisladas en los departamentos del norte provincial.<\/p>\n","protected":false},"excerpt":{"rendered":"<p>El pron\u00f3stico indica temperaturas todav\u00eda bajas para este viernes y el fin de semana en Entre R\u00edos. Habr\u00e1 elevada nubosidad &nbsp; &nbsp; El Servicio Meteorol\u00f3gico Nacional -SMN- informa que se espera un viernes 10 de mayo con cielo mayormente nublado en Entre R\u00edos. En tanto, las temperaturas m\u00ednimas se mantendr\u00e1n bajas, con m\u00ednimas de 8 grados y m\u00e1ximas de hasta 17 grados. Durante la ma\u00f1ana de hoy, no se descartan algunas posibles inestabilidades en la zona norte de la provincia, aunque ser\u00edan eventos aislados y moment\u00e1neos. En tanto, el resto&#8230;<\/p>\n","protected":false},"author":3,"featured_media":103226,"comment_status":"closed","ping_status":"closed","sticky":false,"template":"","format":"standard","meta":[],"categories":[15],"tags":[],"_links":{"self":[{"href":"https:\/\/www.actualidadadiario.com\/index.php\/wp-json\/wp\/v2\/posts\/114279"}],"collection":[{"href":"https:\/\/www.actualidadadiario.com\/index.php\/wp-json\/wp\/v2\/posts"}],"about":[{"href":"https:\/\/www.actualidadadiario.com\/index.php\/wp-json\/wp\/v2\/types\/post"}],"author":[{"embeddable":true,"href":"https:\/\/www.actualidadadiario.com\/index.php\/wp-json\/wp\/v2\/users\/3"}],"replies":[{"embeddable":true,"href":"https:\/\/www.actualidadadiario.com\/index.php\/wp-json\/wp\/v2\/comments?post=114279"}],"version-history":[{"count":1,"href":"https:\/\/www.actualidadadiario.com\/index.php\/wp-json\/wp\/v2\/posts\/114279\/revisions"}],"predecessor-version":[{"id":114280,"href":"https:\/\/www.actualidadadiario.com\/index.php\/wp-json\/wp\/v2\/posts\/114279\/revisions\/114280"}],"wp:featuredmedia":[{"embeddable":true,"href":"https:\/\/www.actualidadadiario.com\/index.php\/wp-json\/wp\/v2\/media\/103226"}],"wp:attachment":[{"href":"https:\/\/www.actualidadadiario.com\/index.php\/wp-json\/wp\/v2\/media?parent=114279"}],"wp:term":[{"taxonomy":"category","embeddable":true,"href":"https:\/\/www.actualidadadiario.com\/index.php\/wp-json\/wp\/v2\/categories?post=114279"},{"taxonomy":"post_tag","embeddable":true,"href":"https:\/\/www.actualidadadiario.com\/index.php\/wp-json\/wp\/v2\/tags?post=114279"}],"curies":[{"name":"wp","href":"https:\/\/api.w.org\/{rel}","templated":true}]}}