{"id":114276,"date":"2024-05-10T10:48:39","date_gmt":"2024-05-10T13:48:39","guid":{"rendered":"https:\/\/www.actualidadadiario.com\/?p=114276"},"modified":"2024-05-10T10:48:39","modified_gmt":"2024-05-10T13:48:39","slug":"la-federacion-agraria-de-entre-rios-advirtio-que-parte-de-la-ley-bases-profundiza-la-concentracion-del-sector","status":"publish","type":"post","link":"https:\/\/www.actualidadadiario.com\/index.php\/2024\/05\/10\/la-federacion-agraria-de-entre-rios-advirtio-que-parte-de-la-ley-bases-profundiza-la-concentracion-del-sector\/","title":{"rendered":"La Federaci\u00f3n Agraria de Entre R\u00edos advirti\u00f3 que parte de la Ley Bases profundiza la concentraci\u00f3n del sector"},"content":{"rendered":"<p style=\"text-align: center;\"><em><strong>La entidad rural alert\u00f3 sobre las consecuencias negativas que el R\u00e9gimen de Incentivo Para Grandes Inversiones (RIG) tendr\u00eda para el sector. Tal r\u00e9gimen es parte de la Ley Bases que se encuentra analizando el Senado de la Naci\u00f3n<\/strong><\/em><\/p>\n<p>&nbsp;<\/p>\n<p>&nbsp;<\/p>\n<p>Dirigentes de la Federaci\u00f3n Agraria de Entre R\u00edos se reunieron para analizar la situaci\u00f3n de los peque\u00f1os y medianos productores de la provincia afectados por las adversas condiciones clim\u00e1ticas de las \u00faltimas semanas que acarrean complicaciones tanto en la recolecci\u00f3n de la cosecha, como en actividades intensivas, tal el caso de la lecher\u00eda.<\/p>\n<p>Tambi\u00e9n advirtieron que, de ratificarse lo aprobado en la C\u00e1mara de Diputados por ejemplo, \u201cel RIGI (R\u00e9gimen de Incentivo Para Grandes Inversiones) podr\u00eda transformarse en una profundizaci\u00f3n de la concentraci\u00f3n econ\u00f3mica que soporta el sector y el pa\u00eds\u201d.<\/p>\n<p>En este marco, la entidad alert\u00f3 que \u201ces necesario establecer claras medidas de alivio para las pymes, tanto del sector agropecuario como en general, para evitar la desaparici\u00f3n de las mismas que tristemente ya pasamos en la d\u00e9cada del &#8217;90\u201d.<\/p>\n","protected":false},"excerpt":{"rendered":"<p>La entidad rural alert\u00f3 sobre las consecuencias negativas que el R\u00e9gimen de Incentivo Para Grandes Inversiones (RIG) tendr\u00eda para el sector. Tal r\u00e9gimen es parte de la Ley Bases que se encuentra analizando el Senado de la Naci\u00f3n &nbsp; &nbsp; Dirigentes de la Federaci\u00f3n Agraria de Entre R\u00edos se reunieron para analizar la situaci\u00f3n de los peque\u00f1os y medianos productores de la provincia afectados por las adversas condiciones clim\u00e1ticas de las \u00faltimas semanas que acarrean complicaciones tanto en la recolecci\u00f3n de la cosecha, como en actividades intensivas, tal el caso&#8230;<\/p>\n","protected":false},"author":3,"featured_media":114277,"comment_status":"closed","ping_status":"closed","sticky":false,"template":"","format":"standard","meta":[],"categories":[15],"tags":[],"_links":{"self":[{"href":"https:\/\/www.actualidadadiario.com\/index.php\/wp-json\/wp\/v2\/posts\/114276"}],"collection":[{"href":"https:\/\/www.actualidadadiario.com\/index.php\/wp-json\/wp\/v2\/posts"}],"about":[{"href":"https:\/\/www.actualidadadiario.com\/index.php\/wp-json\/wp\/v2\/types\/post"}],"author":[{"embeddable":true,"href":"https:\/\/www.actualidadadiario.com\/index.php\/wp-json\/wp\/v2\/users\/3"}],"replies":[{"embeddable":true,"href":"https:\/\/www.actualidadadiario.com\/index.php\/wp-json\/wp\/v2\/comments?post=114276"}],"version-history":[{"count":1,"href":"https:\/\/www.actualidadadiario.com\/index.php\/wp-json\/wp\/v2\/posts\/114276\/revisions"}],"predecessor-version":[{"id":114278,"href":"https:\/\/www.actualidadadiario.com\/index.php\/wp-json\/wp\/v2\/posts\/114276\/revisions\/114278"}],"wp:featuredmedia":[{"embeddable":true,"href":"https:\/\/www.actualidadadiario.com\/index.php\/wp-json\/wp\/v2\/media\/114277"}],"wp:attachment":[{"href":"https:\/\/www.actualidadadiario.com\/index.php\/wp-json\/wp\/v2\/media?parent=114276"}],"wp:term":[{"taxonomy":"category","embeddable":true,"href":"https:\/\/www.actualidadadiario.com\/index.php\/wp-json\/wp\/v2\/categories?post=114276"},{"taxonomy":"post_tag","embeddable":true,"href":"https:\/\/www.actualidadadiario.com\/index.php\/wp-json\/wp\/v2\/tags?post=114276"}],"curies":[{"name":"wp","href":"https:\/\/api.w.org\/{rel}","templated":true}]}}