{"id":114273,"date":"2024-05-10T10:47:13","date_gmt":"2024-05-10T13:47:13","guid":{"rendered":"https:\/\/www.actualidadadiario.com\/?p=114273"},"modified":"2024-05-10T10:47:13","modified_gmt":"2024-05-10T13:47:13","slug":"crecio-un-12-el-area-con-soja-en-entre-rios","status":"publish","type":"post","link":"https:\/\/www.actualidadadiario.com\/index.php\/2024\/05\/10\/crecio-un-12-el-area-con-soja-en-entre-rios\/","title":{"rendered":"Creci\u00f3 un 12% el \u00e1rea con soja en Entre R\u00edos"},"content":{"rendered":"<p style=\"text-align: center;\"><em><strong>El Sistema de Informaci\u00f3n de Bolsa de Cereales de Entre R\u00edos (SIBER) se\u00f1al\u00f3 que en el ciclo 2023\/24 la superficie sembrada con soja en la provincia de Entre R\u00edos registr\u00f3 un crecimiento interanual del 12%<\/strong><\/em><\/p>\n<p>&nbsp;<\/p>\n<p>&nbsp;<\/p>\n<p>Esto implica una suba de 119.800 ha. Gran parte de este incremento se debe a lotes que no pudieron sembrarse en el ciclo 2022\/23 debido a la sequ\u00eda extrema en la \u00e9poca estival.<\/p>\n<p>Por otra parte, si se compara el promedio del \u00e1rea cultivada entre los ciclos 2017\/18 al 2021\/22 versus el presente a\u00f1o, se observa una reducci\u00f3n del 3 % (28.940 ha).<\/p>\n<p>A nivel provincial, del \u00e1rea total cultivada, la soja de primera abarc\u00f3 el 42 % y el 58 % restante correspondi\u00f3 a la soja de segunda. El informe del SIBER recuerda que, a partir del ciclo 2022\/23 la superficie de soja de segunda super\u00f3 en participaci\u00f3n a la soja de primera, esto se debe fundamentalmente al crecimiento detectado en los cultivos de trigo y ma\u00edz de primera.<\/p>\n<p>Los departamentos con mayor proporci\u00f3n de soja de segunda fueron: Federal, Diamante y Paran\u00e1 con un rango entre 73 al 74 %. Mientras que, los departamentos con menor participaci\u00f3n fueron: Col\u00f3n y Federaci\u00f3n con un valor entre 44 al 46 %.<\/p>\n","protected":false},"excerpt":{"rendered":"<p>El Sistema de Informaci\u00f3n de Bolsa de Cereales de Entre R\u00edos (SIBER) se\u00f1al\u00f3 que en el ciclo 2023\/24 la superficie sembrada con soja en la provincia de Entre R\u00edos registr\u00f3 un crecimiento interanual del 12% &nbsp; &nbsp; Esto implica una suba de 119.800 ha. Gran parte de este incremento se debe a lotes que no pudieron sembrarse en el ciclo 2022\/23 debido a la sequ\u00eda extrema en la \u00e9poca estival. Por otra parte, si se compara el promedio del \u00e1rea cultivada entre los ciclos 2017\/18 al 2021\/22 versus el presente&#8230;<\/p>\n","protected":false},"author":3,"featured_media":114274,"comment_status":"closed","ping_status":"closed","sticky":false,"template":"","format":"standard","meta":[],"categories":[15],"tags":[],"_links":{"self":[{"href":"https:\/\/www.actualidadadiario.com\/index.php\/wp-json\/wp\/v2\/posts\/114273"}],"collection":[{"href":"https:\/\/www.actualidadadiario.com\/index.php\/wp-json\/wp\/v2\/posts"}],"about":[{"href":"https:\/\/www.actualidadadiario.com\/index.php\/wp-json\/wp\/v2\/types\/post"}],"author":[{"embeddable":true,"href":"https:\/\/www.actualidadadiario.com\/index.php\/wp-json\/wp\/v2\/users\/3"}],"replies":[{"embeddable":true,"href":"https:\/\/www.actualidadadiario.com\/index.php\/wp-json\/wp\/v2\/comments?post=114273"}],"version-history":[{"count":1,"href":"https:\/\/www.actualidadadiario.com\/index.php\/wp-json\/wp\/v2\/posts\/114273\/revisions"}],"predecessor-version":[{"id":114275,"href":"https:\/\/www.actualidadadiario.com\/index.php\/wp-json\/wp\/v2\/posts\/114273\/revisions\/114275"}],"wp:featuredmedia":[{"embeddable":true,"href":"https:\/\/www.actualidadadiario.com\/index.php\/wp-json\/wp\/v2\/media\/114274"}],"wp:attachment":[{"href":"https:\/\/www.actualidadadiario.com\/index.php\/wp-json\/wp\/v2\/media?parent=114273"}],"wp:term":[{"taxonomy":"category","embeddable":true,"href":"https:\/\/www.actualidadadiario.com\/index.php\/wp-json\/wp\/v2\/categories?post=114273"},{"taxonomy":"post_tag","embeddable":true,"href":"https:\/\/www.actualidadadiario.com\/index.php\/wp-json\/wp\/v2\/tags?post=114273"}],"curies":[{"name":"wp","href":"https:\/\/api.w.org\/{rel}","templated":true}]}}