{"id":114271,"date":"2024-05-10T10:38:27","date_gmt":"2024-05-10T13:38:27","guid":{"rendered":"https:\/\/www.actualidadadiario.com\/?p=114271"},"modified":"2024-05-10T10:38:27","modified_gmt":"2024-05-10T13:38:27","slug":"este-viernes-los-gremios-docentes-definen-si-aceptan-la-nueva-oferta-salarial-del-gobierno","status":"publish","type":"post","link":"https:\/\/www.actualidadadiario.com\/index.php\/2024\/05\/10\/este-viernes-los-gremios-docentes-definen-si-aceptan-la-nueva-oferta-salarial-del-gobierno\/","title":{"rendered":"Este viernes los gremios docentes definen si aceptan la nueva oferta salarial del Gobierno"},"content":{"rendered":"<p style=\"text-align: center;\"><em><strong>Tanto Agmer como AMET este viernes tomar\u00e1n una postura sobre la \u00faltima propuesta salarial que presentaron funcionarios del Gobierno de Rogelio Frigerio. El congreso de Agmer se reunir\u00e1 en Federal. \u201cNo caben dudas de que esta propuesta sigue siendo insuficiente porque no llegamos a empatarle a la inflaci\u00f3n acumulada\u201d, aseveraron desde el sindicato que nuclea a los docentes t\u00e9cnicos<\/strong><\/em><\/p>\n<p>&nbsp;<\/p>\n<p>&nbsp;<\/p>\n<p>En la \u00faltima reuni\u00f3n paritaria -que tuvo lugar el martes- el Gobierno provincial mejor\u00f3 la oferta salarial a los sindicatos docentes: propuso un 5 por ciento de aumento salarial para abril (de los cuales 3 por ciento ya fueron liquidados), un 6 por ciento para mayo y un 7 por ciento para junio.<\/p>\n<p>Tambi\u00e9n se propuso que una vez conocido el IPC de junio habr\u00e1 una nueva reuni\u00f3n para definir c\u00f3mo se va a equilibrar el desfasaje entre la inflaci\u00f3n que hubo entre enero y junio, y la recomposici\u00f3n salarial que el Gobierno otorg\u00f3 en dicho per\u00edodo.<\/p>\n<p>Una de las quejas m\u00e1s fuertes de los gremios es que mientras la inflaci\u00f3n se acumula mes a mes, las recomposiciones salariales se siguen aplicando sobre la base de lo que se cobraba en enero.<\/p>\n<p>La nueva oferta fue debatida por las bases de los sindicatos en las escuelas y, en funci\u00f3n de dichos mandatos, este viernes tomar\u00e1n una determinaci\u00f3n.<\/p>\n<p>La Comisi\u00f3n Directiva Central de la Asociaci\u00f3n Gremial del Magisterio de Entre R\u00edos (Agmer) convoca para este viernes a la tercera sesi\u00f3n del 205\u00ba Congreso Extraordinario: sesionara desde este viernes a\u00a0 las 9 en la sede que el sindicato tiene en la ciudad de Federal (Urquiza 1157 de esa ciudad): Elecci\u00f3n mesa del Congreso; Informe de gesti\u00f3n; An\u00e1lisis de la situaci\u00f3n nacional y provincial; Estrategias a seguir; y Lectura y aprobaci\u00f3n del acta son los puntos del temario.<\/p>\n<p>Por su parte, el secretario Adjunto de la Asociaci\u00f3n del Magisterio de Ense\u00f1anza T\u00e9cnica (AMET), Carlos Varela, tambi\u00e9n adelant\u00f3 que este viernes se har\u00e1 la \u201ccompatibilizaci\u00f3n de los mandatos\u201d y luego se notificar\u00e1 a la Secretar\u00eda de Trabajo qu\u00e9 es lo que se resolvi\u00f3.<\/p>\n<p>\u201cHasta el momento las bases (los docentes en las escuelas) han venido considerando insuficientes todas las propuestas que present\u00f3 el Gobierno\u201d, manifest\u00f3 el dirigente y asever\u00f3: \u201cNo caben dudas de que esta propuesta sigue siendo insuficiente porque no llegamos a empatarle a la inflaci\u00f3n acumulada\u201d.<\/p>\n<p>No obstante, reconoci\u00f3 que la docencia sabe que \u201cla coyuntura econ\u00f3mica es cr\u00edtica\u201d y que eso se tendr\u00e1 en cuenta al momento de analizar la propuesta: \u201cUna cosa es considerarla insuficiente y otra es rechazarla y realizar medidas de fuerza\u201d, explic\u00f3 y expres\u00f3 que \u201cen algunos grupos hay malestar y en otros hay m\u00e1s entendimiento\u201d.<\/p>\n","protected":false},"excerpt":{"rendered":"<p>Tanto Agmer como AMET este viernes tomar\u00e1n una postura sobre la \u00faltima propuesta salarial que presentaron funcionarios del Gobierno de Rogelio Frigerio. El congreso de Agmer se reunir\u00e1 en Federal. \u201cNo caben dudas de que esta propuesta sigue siendo insuficiente porque no llegamos a empatarle a la inflaci\u00f3n acumulada\u201d, aseveraron desde el sindicato que nuclea a los docentes t\u00e9cnicos &nbsp; &nbsp; En la \u00faltima reuni\u00f3n paritaria -que tuvo lugar el martes- el Gobierno provincial mejor\u00f3 la oferta salarial a los sindicatos docentes: propuso un 5 por ciento de aumento salarial&#8230;<\/p>\n","protected":false},"author":3,"featured_media":42276,"comment_status":"closed","ping_status":"closed","sticky":false,"template":"","format":"standard","meta":[],"categories":[15],"tags":[],"_links":{"self":[{"href":"https:\/\/www.actualidadadiario.com\/index.php\/wp-json\/wp\/v2\/posts\/114271"}],"collection":[{"href":"https:\/\/www.actualidadadiario.com\/index.php\/wp-json\/wp\/v2\/posts"}],"about":[{"href":"https:\/\/www.actualidadadiario.com\/index.php\/wp-json\/wp\/v2\/types\/post"}],"author":[{"embeddable":true,"href":"https:\/\/www.actualidadadiario.com\/index.php\/wp-json\/wp\/v2\/users\/3"}],"replies":[{"embeddable":true,"href":"https:\/\/www.actualidadadiario.com\/index.php\/wp-json\/wp\/v2\/comments?post=114271"}],"version-history":[{"count":1,"href":"https:\/\/www.actualidadadiario.com\/index.php\/wp-json\/wp\/v2\/posts\/114271\/revisions"}],"predecessor-version":[{"id":114272,"href":"https:\/\/www.actualidadadiario.com\/index.php\/wp-json\/wp\/v2\/posts\/114271\/revisions\/114272"}],"wp:featuredmedia":[{"embeddable":true,"href":"https:\/\/www.actualidadadiario.com\/index.php\/wp-json\/wp\/v2\/media\/42276"}],"wp:attachment":[{"href":"https:\/\/www.actualidadadiario.com\/index.php\/wp-json\/wp\/v2\/media?parent=114271"}],"wp:term":[{"taxonomy":"category","embeddable":true,"href":"https:\/\/www.actualidadadiario.com\/index.php\/wp-json\/wp\/v2\/categories?post=114271"},{"taxonomy":"post_tag","embeddable":true,"href":"https:\/\/www.actualidadadiario.com\/index.php\/wp-json\/wp\/v2\/tags?post=114271"}],"curies":[{"name":"wp","href":"https:\/\/api.w.org\/{rel}","templated":true}]}}