{"id":114268,"date":"2024-05-10T10:37:08","date_gmt":"2024-05-10T13:37:08","guid":{"rendered":"https:\/\/www.actualidadadiario.com\/?p=114268"},"modified":"2024-05-10T10:37:08","modified_gmt":"2024-05-10T13:37:08","slug":"kueider-no-definio-publicamente-su-postura-respecto-a-la-ley-bases","status":"publish","type":"post","link":"https:\/\/www.actualidadadiario.com\/index.php\/2024\/05\/10\/kueider-no-definio-publicamente-su-postura-respecto-a-la-ley-bases\/","title":{"rendered":"Kueider no defini\u00f3 p\u00fablicamente su postura respecto a la Ley Bases"},"content":{"rendered":"<p style=\"text-align: center;\"><em><strong>El senador entrerriano Edgardo Kueider conforma bloque aparte de Uni\u00f3n por la Patria. Junto al correntino Carlos \u201cCamau\u201d Esp\u00ednola y la cordobesa Alejandra Vigo conforman Unidad Federal. Kueider, adem\u00e1s, es presidente la Comisi\u00f3n de Asuntos Constitucionales<\/strong><\/em><\/p>\n<p>&nbsp;<\/p>\n<p>&nbsp;<\/p>\n<p>&nbsp;<\/p>\n<p>Por estas horas una inc\u00f3gnita que se agiganta es cu\u00e1l ser\u00e1 el voto de Kueider cuando en el pleno del Senado Nacional se debata la Ley Bases.<\/p>\n<p>El senador entrerriano, Edgardo Kueider, a\u00fan no defini\u00f3 su voto en torno a la Ley Bases. &#8220;Hay varios temas que me hacen mucho ruido&#8221;, expres\u00f3 d\u00edas atr\u00e1s.<\/p>\n<p>Actualmente el senador entrerriano, Edgardo Kueider, est\u00e1 bajo la lupa al ser que jugar\u00e1 un rol clave en la aprobaci\u00f3n o rechazo de la Ley Bases en la C\u00e1mara de Senadores pr\u00f3ximamente. El legislador no adelant\u00f3 su posici\u00f3n en torno al proyecto, pero indic\u00f3 que el Senado debe ser &#8220;revisora&#8221;.<\/p>\n<p>\u201cSi quieren dictamen la semana que viene, nos vamos a posicionar de un lado. Si quieren que el Senado tenga un rol como deber\u00eda ser, de C\u00e1mara revisora, y haga los aportes correspondientes, nos vamos a posicionar de otro\u201d, indic\u00f3 Kueider al portal IP. En este sentido, acot\u00f3: &#8220;No puse el 25 de mayo como fecha l\u00edmite para nada, somos C\u00e1mara revisora para una ley que modifica muchas cosas y afecta a muchos sectores. Tenemos que tener la responsabilidad de trabajar&#8221;.<\/p>\n<p>Por otro lado, agreg\u00f3: &#8220;Hay varios temas que me hacen mucho ruido. Uno de los que m\u00e1s me preocupa es concesionar los recursos naturales a empresas extranjeras. Todas las otras reformas (&#8230;) se pueden volver a modificar, pero la concesi\u00f3n a una empresa extranjera del litio, de los recursos naturales por 30 a\u00f1os, le genera al pa\u00eds un compromiso que no va a poder modificar. Es un tema que tenemos que analizar a fondo&#8221;.<\/p>\n<p>Si bien el legislador fue un fuerte opositor al DNU 70\/2023, no se expres\u00f3 anteriormente en torno a la Ley Bases. Aunque mantiene una relaci\u00f3n amigable con la vicepresidenta, Victoria Villarruel, ha sido un cr\u00edtico de algunas medidas del gobierno nacional.<\/p>\n<p>El bloque que compone, Unidad Federal, se integra de otros legisladores &#8220;desencantados&#8221; con la agenda de Uni\u00f3n por la Patria. Aunque no es un n\u00famero considerable, resultar\u00e1 clave en el futuro de la Ley que busca aprobar el oficialismo.<\/p>\n","protected":false},"excerpt":{"rendered":"<p>El senador entrerriano Edgardo Kueider conforma bloque aparte de Uni\u00f3n por la Patria. Junto al correntino Carlos \u201cCamau\u201d Esp\u00ednola y la cordobesa Alejandra Vigo conforman Unidad Federal. Kueider, adem\u00e1s, es presidente la Comisi\u00f3n de Asuntos Constitucionales &nbsp; &nbsp; &nbsp; Por estas horas una inc\u00f3gnita que se agiganta es cu\u00e1l ser\u00e1 el voto de Kueider cuando en el pleno del Senado Nacional se debata la Ley Bases. El senador entrerriano, Edgardo Kueider, a\u00fan no defini\u00f3 su voto en torno a la Ley Bases. &#8220;Hay varios temas que me hacen mucho ruido&#8221;,&#8230;<\/p>\n","protected":false},"author":3,"featured_media":114269,"comment_status":"closed","ping_status":"closed","sticky":false,"template":"","format":"standard","meta":[],"categories":[15],"tags":[],"_links":{"self":[{"href":"https:\/\/www.actualidadadiario.com\/index.php\/wp-json\/wp\/v2\/posts\/114268"}],"collection":[{"href":"https:\/\/www.actualidadadiario.com\/index.php\/wp-json\/wp\/v2\/posts"}],"about":[{"href":"https:\/\/www.actualidadadiario.com\/index.php\/wp-json\/wp\/v2\/types\/post"}],"author":[{"embeddable":true,"href":"https:\/\/www.actualidadadiario.com\/index.php\/wp-json\/wp\/v2\/users\/3"}],"replies":[{"embeddable":true,"href":"https:\/\/www.actualidadadiario.com\/index.php\/wp-json\/wp\/v2\/comments?post=114268"}],"version-history":[{"count":1,"href":"https:\/\/www.actualidadadiario.com\/index.php\/wp-json\/wp\/v2\/posts\/114268\/revisions"}],"predecessor-version":[{"id":114270,"href":"https:\/\/www.actualidadadiario.com\/index.php\/wp-json\/wp\/v2\/posts\/114268\/revisions\/114270"}],"wp:featuredmedia":[{"embeddable":true,"href":"https:\/\/www.actualidadadiario.com\/index.php\/wp-json\/wp\/v2\/media\/114269"}],"wp:attachment":[{"href":"https:\/\/www.actualidadadiario.com\/index.php\/wp-json\/wp\/v2\/media?parent=114268"}],"wp:term":[{"taxonomy":"category","embeddable":true,"href":"https:\/\/www.actualidadadiario.com\/index.php\/wp-json\/wp\/v2\/categories?post=114268"},{"taxonomy":"post_tag","embeddable":true,"href":"https:\/\/www.actualidadadiario.com\/index.php\/wp-json\/wp\/v2\/tags?post=114268"}],"curies":[{"name":"wp","href":"https:\/\/api.w.org\/{rel}","templated":true}]}}