{"id":114266,"date":"2024-05-10T10:32:41","date_gmt":"2024-05-10T13:32:41","guid":{"rendered":"https:\/\/www.actualidadadiario.com\/?p=114266"},"modified":"2024-05-10T10:32:41","modified_gmt":"2024-05-10T13:32:41","slug":"paritaria-estatal-ate-le-solicitara-al-gobierno-provincial-recomponer-el-salario","status":"publish","type":"post","link":"https:\/\/www.actualidadadiario.com\/index.php\/2024\/05\/10\/paritaria-estatal-ate-le-solicitara-al-gobierno-provincial-recomponer-el-salario\/","title":{"rendered":"Paritaria estatal: ATE le solicitar\u00e1 al Gobierno provincial \u201crecomponer el salario\u201d"},"content":{"rendered":"<p style=\"text-align: center;\"><em><strong>A la espera de una nueva convocatoria por parte del Ejecutivo para continuar con la negociaci\u00f3n salarial, el secretario General de la Asociaci\u00f3n de Trabajadores del Estado, Oscar Muntes,\u00a0 anticip\u00f3 cu\u00e1les son los puntos que plantear\u00e1n en el pr\u00f3ximo encuentro<\/strong><\/em><\/p>\n<p>&nbsp;<\/p>\n<p>&nbsp;<\/p>\n<p>Este jueves ATE particip\u00f3 de la movilizaci\u00f3n a Casa de Gobierno como protesta a las pol\u00edticas aplicadas por Javier Milei y solicitando al gobernador Rogelio Frigerio que \u201cle diga a los senadores que representan a la provincia que no acompa\u00f1en el proyecto de Ley Bases\u201d, expres\u00f3 Oscar Muntes.<\/p>\n<p>Por otra parte, a la espera de una nueva convocatoria por parte del Ejecutivo, el secretario General anticip\u00f3 qu\u00e9 plantear\u00e1n en el pr\u00f3ximo encuentro paritario que, de acuerdo a lo acordado, deber\u00e1 ser antes del 16 de mayo.<\/p>\n<p>\u201cNecesitamos recomponer el salario y la reincorporaci\u00f3n de los trabajadores despedidos en la provincia\u201d, indic\u00f3 Muntes que adem\u00e1s pedir\u00e1 trabajar \u201csobre las condiciones laborales\u201d.<\/p>\n<p>Cabe recordar que en la reuni\u00f3n llevada a cabo el pasado martes, el Gobierno le propuso un 4% para abril, de los cuales 3 % ya fueron liquidados a cuenta; un 5% para mayo; y un 5 % para junio y se pas\u00f3 a un cuarto intermedio.<\/p>\n","protected":false},"excerpt":{"rendered":"<p>A la espera de una nueva convocatoria por parte del Ejecutivo para continuar con la negociaci\u00f3n salarial, el secretario General de la Asociaci\u00f3n de Trabajadores del Estado, Oscar Muntes,\u00a0 anticip\u00f3 cu\u00e1les son los puntos que plantear\u00e1n en el pr\u00f3ximo encuentro &nbsp; &nbsp; Este jueves ATE particip\u00f3 de la movilizaci\u00f3n a Casa de Gobierno como protesta a las pol\u00edticas aplicadas por Javier Milei y solicitando al gobernador Rogelio Frigerio que \u201cle diga a los senadores que representan a la provincia que no acompa\u00f1en el proyecto de Ley Bases\u201d, expres\u00f3 Oscar Muntes&#8230;.<\/p>\n","protected":false},"author":3,"featured_media":114148,"comment_status":"closed","ping_status":"closed","sticky":false,"template":"","format":"standard","meta":[],"categories":[15],"tags":[],"_links":{"self":[{"href":"https:\/\/www.actualidadadiario.com\/index.php\/wp-json\/wp\/v2\/posts\/114266"}],"collection":[{"href":"https:\/\/www.actualidadadiario.com\/index.php\/wp-json\/wp\/v2\/posts"}],"about":[{"href":"https:\/\/www.actualidadadiario.com\/index.php\/wp-json\/wp\/v2\/types\/post"}],"author":[{"embeddable":true,"href":"https:\/\/www.actualidadadiario.com\/index.php\/wp-json\/wp\/v2\/users\/3"}],"replies":[{"embeddable":true,"href":"https:\/\/www.actualidadadiario.com\/index.php\/wp-json\/wp\/v2\/comments?post=114266"}],"version-history":[{"count":1,"href":"https:\/\/www.actualidadadiario.com\/index.php\/wp-json\/wp\/v2\/posts\/114266\/revisions"}],"predecessor-version":[{"id":114267,"href":"https:\/\/www.actualidadadiario.com\/index.php\/wp-json\/wp\/v2\/posts\/114266\/revisions\/114267"}],"wp:featuredmedia":[{"embeddable":true,"href":"https:\/\/www.actualidadadiario.com\/index.php\/wp-json\/wp\/v2\/media\/114148"}],"wp:attachment":[{"href":"https:\/\/www.actualidadadiario.com\/index.php\/wp-json\/wp\/v2\/media?parent=114266"}],"wp:term":[{"taxonomy":"category","embeddable":true,"href":"https:\/\/www.actualidadadiario.com\/index.php\/wp-json\/wp\/v2\/categories?post=114266"},{"taxonomy":"post_tag","embeddable":true,"href":"https:\/\/www.actualidadadiario.com\/index.php\/wp-json\/wp\/v2\/tags?post=114266"}],"curies":[{"name":"wp","href":"https:\/\/api.w.org\/{rel}","templated":true}]}}