{"id":114251,"date":"2024-05-09T13:10:55","date_gmt":"2024-05-09T16:10:55","guid":{"rendered":"https:\/\/www.actualidadadiario.com\/?p=114251"},"modified":"2024-05-09T13:10:55","modified_gmt":"2024-05-09T16:10:55","slug":"la-llama-olimpica-de-paris-2024-ya-alumbra-francia","status":"publish","type":"post","link":"https:\/\/www.actualidadadiario.com\/index.php\/2024\/05\/09\/la-llama-olimpica-de-paris-2024-ya-alumbra-francia\/","title":{"rendered":"La llama ol\u00edmpica de Paris 2024 ya alumbra Francia"},"content":{"rendered":"<p style=\"text-align: center;\"><em><strong>La flama viaj\u00f3 desde Gracia a bordo de un velero y fue recibida en una fastuosa ceremonia en el puerto de Marsella<\/strong><\/em><\/p>\n<p>&nbsp;<\/p>\n<p>&nbsp;<\/p>\n<p>La llama ol\u00edmpica de los Juegos Ol\u00edmpicos de Par\u00eds-2024 lleg\u00f3 a suelo franc\u00e9s, este mi\u00e9rcoles (08.05.2024), tras desembarcar en el puerto de Marsella despu\u00e9s de haber viajado desde Grecia a bordo del Belem, un velero con m\u00e1s de un siglo de historia.<\/p>\n<p>El nadador franc\u00e9s Florent Manaudou, poseedor de cuatro medallas ol\u00edmpicas, entre ellas una de oro en los 50 metros libre de Londres-2012, fue el encargado hacia las 19h30 locales de hacer descender del barco la antorcha con la llama, que inicia as\u00ed un recorrido por toda Francia, territorios de ultramar incluidos, hasta la ceremonia de inauguraci\u00f3n de los Juegos Ol\u00edmpicos parisinos, el 26 de julio.<\/p>\n<p>Florent Manaudou, originario de Marsella, inici\u00f3 los relevos de la llama, pasando el fuego a la campeona paral\u00edmpica de atletismo Nantenin Keita, hija del m\u00fasico maliense Salif Keita y que despu\u00e9s se la transmiti\u00f3 a una estrella francesa del rap, el marsell\u00e9s Jul, que encendi\u00f3 el pebetero situado en el mismo puerto.<\/p>\n<p>&#8220;Par\u00eds-2024 ha elegido a dos atletas, uno ol\u00edmpico y una paral\u00edmpica, para la llegada de la llama a Marsella. Ese primer relevo en suelo franc\u00e9s simboliza la ambici\u00f3n de aproximar y unir los Juegos Ol\u00edmpicos (26 julio-11 agosto) y los Paral\u00edmpicos (28 agosto-8 septiembre)&#8221;, subray\u00f3 el Comit\u00e9 de Organizaci\u00f3n de la cita francesa.<\/p>\n<p>Jul, que cant\u00f3 luego en el escenario, fue el invitado sorpresa del acto de desembarco de la llama, al que asisti\u00f3 el presidente de la Rep\u00fablica Francesa, Emmanuel Macron, en compa\u00f1\u00eda de su esposa Brigitte. Junto a ellos estaba Tony Estanguet, presidente del Comit\u00e9 de Organizaci\u00f3n de Par\u00eds-2024.<\/p>\n<p>Macron destac\u00f3 que el acto hab\u00eda sido &#8220;un formidable \u00e9xito&#8221; y dese\u00f3 que los Juegos susciten &#8220;un momento de unidad&#8221; en su pa\u00eds.<\/p>\n","protected":false},"excerpt":{"rendered":"<p>La flama viaj\u00f3 desde Gracia a bordo de un velero y fue recibida en una fastuosa ceremonia en el puerto de Marsella &nbsp; &nbsp; La llama ol\u00edmpica de los Juegos Ol\u00edmpicos de Par\u00eds-2024 lleg\u00f3 a suelo franc\u00e9s, este mi\u00e9rcoles (08.05.2024), tras desembarcar en el puerto de Marsella despu\u00e9s de haber viajado desde Grecia a bordo del Belem, un velero con m\u00e1s de un siglo de historia. El nadador franc\u00e9s Florent Manaudou, poseedor de cuatro medallas ol\u00edmpicas, entre ellas una de oro en los 50 metros libre de Londres-2012, fue el&#8230;<\/p>\n","protected":false},"author":3,"featured_media":114252,"comment_status":"closed","ping_status":"closed","sticky":false,"template":"","format":"standard","meta":[],"categories":[4],"tags":[],"_links":{"self":[{"href":"https:\/\/www.actualidadadiario.com\/index.php\/wp-json\/wp\/v2\/posts\/114251"}],"collection":[{"href":"https:\/\/www.actualidadadiario.com\/index.php\/wp-json\/wp\/v2\/posts"}],"about":[{"href":"https:\/\/www.actualidadadiario.com\/index.php\/wp-json\/wp\/v2\/types\/post"}],"author":[{"embeddable":true,"href":"https:\/\/www.actualidadadiario.com\/index.php\/wp-json\/wp\/v2\/users\/3"}],"replies":[{"embeddable":true,"href":"https:\/\/www.actualidadadiario.com\/index.php\/wp-json\/wp\/v2\/comments?post=114251"}],"version-history":[{"count":1,"href":"https:\/\/www.actualidadadiario.com\/index.php\/wp-json\/wp\/v2\/posts\/114251\/revisions"}],"predecessor-version":[{"id":114253,"href":"https:\/\/www.actualidadadiario.com\/index.php\/wp-json\/wp\/v2\/posts\/114251\/revisions\/114253"}],"wp:featuredmedia":[{"embeddable":true,"href":"https:\/\/www.actualidadadiario.com\/index.php\/wp-json\/wp\/v2\/media\/114252"}],"wp:attachment":[{"href":"https:\/\/www.actualidadadiario.com\/index.php\/wp-json\/wp\/v2\/media?parent=114251"}],"wp:term":[{"taxonomy":"category","embeddable":true,"href":"https:\/\/www.actualidadadiario.com\/index.php\/wp-json\/wp\/v2\/categories?post=114251"},{"taxonomy":"post_tag","embeddable":true,"href":"https:\/\/www.actualidadadiario.com\/index.php\/wp-json\/wp\/v2\/tags?post=114251"}],"curies":[{"name":"wp","href":"https:\/\/api.w.org\/{rel}","templated":true}]}}