{"id":114248,"date":"2024-05-09T13:09:50","date_gmt":"2024-05-09T16:09:50","guid":{"rendered":"https:\/\/www.actualidadadiario.com\/?p=114248"},"modified":"2024-05-09T13:09:50","modified_gmt":"2024-05-09T16:09:50","slug":"el-presidente-de-corea-del-sur-quiere-crear-un-ministerio-para-aumentar-la-tasa-de-fertilidad","status":"publish","type":"post","link":"https:\/\/www.actualidadadiario.com\/index.php\/2024\/05\/09\/el-presidente-de-corea-del-sur-quiere-crear-un-ministerio-para-aumentar-la-tasa-de-fertilidad\/","title":{"rendered":"El presidente de Corea del Sur quiere crear un ministerio para aumentar la tasa de fertilidad"},"content":{"rendered":"<p style=\"text-align: center;\"><em><strong>El descenso de la tasa de natalidad en la regi\u00f3n fue rotulado por las autoridades como una &#8220;emergencia nacional&#8221;. El mandatario asi\u00e1tico dijo que pondr\u00e1 &#8220;todas las capacidades del Estado&#8221; para revertir la problem\u00e1tica<\/strong><\/em><\/p>\n<p>&nbsp;<\/p>\n<p>&nbsp;<\/p>\n<p>El presidente surcoreano, Yoon Suk Yeol, divulg\u00f3 su iniciativa de crear un nuevo ministerio para revertir la baja tasa de fertilidad del pa\u00eds asi\u00e1tico, amenazado por una crisis demogr\u00e1fica ya que ha registrado descensos consecutivos de nacimientos de beb\u00e9s y que el a\u00f1o pasado alcanz\u00f3 m\u00ednimos hist\u00f3ricos.<\/p>\n<p>&#8220;Pido la cooperaci\u00f3n del Parlamento para revisar la organizaci\u00f3n del gobierno para crear un ministerio de planificaci\u00f3n contra la baja tasa de fertilidad. Para superar la baja tasa de natalidad, que puede considerarse una emergencia nacional, movilizaremos plenamente todas las capacidades del Estado&#8221;, declar\u00f3 en un discurso a la naci\u00f3n con motivo del segundo aniversario de su Presidencia.<\/p>\n<p>El gobierno ha invertido miles de millones de d\u00f3lares para incentivar la natalidad, pero en 2023 el pa\u00eds registr\u00f3 solo 230.000 nacimientos, el m\u00ednimo hist\u00f3rico desde el inicio de la serie estad\u00edstica en 1970.<\/p>\n<p>&nbsp;<\/p>\n<p><strong>La tasa de fertilidad, una &#8220;emergencia nacional&#8221; en Corea del Sur<\/strong><\/p>\n<p>La tasa de fertilidad (el n\u00famero de hijos que se espera que tenga una mujer en su vida) cay\u00f3 a 0,72, lejos del 2,1 necesario para mantener la poblaci\u00f3n actual de 51 millones de habitantes.<\/p>\n<p>Esto sit\u00faa a Corea del Sur como el pa\u00eds con una menor tasa de fertilidad dentro de la OCDE, y tambi\u00e9n en el que las mujeres tienen a su primer hijo m\u00e1s tarde, a los 33,6 a\u00f1os.<\/p>\n<p>La baja natalidad sumada a la larga esperanza de vida de los surcoreanos, una de las m\u00e1s altas del mundo, cierne la amenaza de una crisis demogr\u00e1fica sobre el pa\u00eds.<\/p>\n<p>El instituto nacional de estad\u00edstica surcoreano ha estimado que la poblaci\u00f3n del pa\u00eds, que ahora se cifra en casi 51 millones de personas, podr\u00eda reducirse a la mitad para el a\u00f1o 2100. Estos n\u00fameros supondr\u00edan un descenso significativo del desarrollo, que est\u00e1 intentando elevar el n\u00famero de nacimientos para frenar el envejecimiento de su poblaci\u00f3n.<\/p>\n<p>Los miles de millones de d\u00f3lares destinados a subsidios econ\u00f3micos para los padres, servicios de guarder\u00eda y ayudas para tratamientos de infertilidad no han conseguido frenar el declive.<\/p>\n<p>Yoon explic\u00f3 que el titular de esta cartera, con el nombre de &#8220;planificaci\u00f3n de respuesta a la baja natalidad&#8221;, ejercer\u00e1 tambi\u00e9n de viceministro de Asuntos Sociales y elaborar\u00e1 pol\u00edticas en los sectores de educaci\u00f3n, trabajo y bienestar social que se convertir\u00e1n en la agenda nacional.<\/p>\n<p>En este contexto, el jefe de Estado surcoreano solicit\u00f3 la cooperaci\u00f3n activa de la Asamblea Nacional, controlada por la oposici\u00f3n, en la revisi\u00f3n de la ley de organizaci\u00f3n gubernamental para permitir la creaci\u00f3n del nuevo ministerio.<\/p>\n","protected":false},"excerpt":{"rendered":"<p>El descenso de la tasa de natalidad en la regi\u00f3n fue rotulado por las autoridades como una &#8220;emergencia nacional&#8221;. El mandatario asi\u00e1tico dijo que pondr\u00e1 &#8220;todas las capacidades del Estado&#8221; para revertir la problem\u00e1tica &nbsp; &nbsp; El presidente surcoreano, Yoon Suk Yeol, divulg\u00f3 su iniciativa de crear un nuevo ministerio para revertir la baja tasa de fertilidad del pa\u00eds asi\u00e1tico, amenazado por una crisis demogr\u00e1fica ya que ha registrado descensos consecutivos de nacimientos de beb\u00e9s y que el a\u00f1o pasado alcanz\u00f3 m\u00ednimos hist\u00f3ricos. &#8220;Pido la cooperaci\u00f3n del Parlamento para revisar&#8230;<\/p>\n","protected":false},"author":3,"featured_media":114249,"comment_status":"closed","ping_status":"closed","sticky":false,"template":"","format":"standard","meta":[],"categories":[4],"tags":[],"_links":{"self":[{"href":"https:\/\/www.actualidadadiario.com\/index.php\/wp-json\/wp\/v2\/posts\/114248"}],"collection":[{"href":"https:\/\/www.actualidadadiario.com\/index.php\/wp-json\/wp\/v2\/posts"}],"about":[{"href":"https:\/\/www.actualidadadiario.com\/index.php\/wp-json\/wp\/v2\/types\/post"}],"author":[{"embeddable":true,"href":"https:\/\/www.actualidadadiario.com\/index.php\/wp-json\/wp\/v2\/users\/3"}],"replies":[{"embeddable":true,"href":"https:\/\/www.actualidadadiario.com\/index.php\/wp-json\/wp\/v2\/comments?post=114248"}],"version-history":[{"count":1,"href":"https:\/\/www.actualidadadiario.com\/index.php\/wp-json\/wp\/v2\/posts\/114248\/revisions"}],"predecessor-version":[{"id":114250,"href":"https:\/\/www.actualidadadiario.com\/index.php\/wp-json\/wp\/v2\/posts\/114248\/revisions\/114250"}],"wp:featuredmedia":[{"embeddable":true,"href":"https:\/\/www.actualidadadiario.com\/index.php\/wp-json\/wp\/v2\/media\/114249"}],"wp:attachment":[{"href":"https:\/\/www.actualidadadiario.com\/index.php\/wp-json\/wp\/v2\/media?parent=114248"}],"wp:term":[{"taxonomy":"category","embeddable":true,"href":"https:\/\/www.actualidadadiario.com\/index.php\/wp-json\/wp\/v2\/categories?post=114248"},{"taxonomy":"post_tag","embeddable":true,"href":"https:\/\/www.actualidadadiario.com\/index.php\/wp-json\/wp\/v2\/tags?post=114248"}],"curies":[{"name":"wp","href":"https:\/\/api.w.org\/{rel}","templated":true}]}}