{"id":114238,"date":"2024-05-09T12:48:27","date_gmt":"2024-05-09T15:48:27","guid":{"rendered":"https:\/\/www.actualidadadiario.com\/?p=114238"},"modified":"2024-05-09T12:48:27","modified_gmt":"2024-05-09T15:48:27","slug":"milei-podria-volver-a-encontrarse-con-el-papa-francisco","status":"publish","type":"post","link":"https:\/\/www.actualidadadiario.com\/index.php\/2024\/05\/09\/milei-podria-volver-a-encontrarse-con-el-papa-francisco\/","title":{"rendered":"Milei podr\u00eda volver a encontrarse con el papa Francisco"},"content":{"rendered":"<p style=\"text-align: center;\"><em><strong>Seg\u00fan trascendi\u00f3, el jefe de Estado podr\u00eda encontrarse con el Pont\u00edfice en la Cumbre del G7, en caso de que Milei acepte la invitaci\u00f3n de Giorgia Meloni<\/strong><\/em><\/p>\n<p>&nbsp;<\/p>\n<p>&nbsp;<\/p>\n<p>El presidente Javier Milei tendr\u00eda previsto aceptar la invitaci\u00f3n que le realiz\u00f3 la titular del Consejo de Ministros de Italia, la derechista Giorgia Meloni, para asistir en junio a la Cumbre del G7, de la que participar\u00e1 tambi\u00e9n el Papa Francisco.<\/p>\n<p>El evento se realizar\u00e1 a mitad de a\u00f1o en Borgo Egnazia, un antiguo pueblo costero del sur de Italia. All\u00ed, se podr\u00eda dar el segundo encuentro entre el jefe de Estado argentino y el Sumo Pont\u00edfice, tras la reuni\u00f3n que mantuvieron en febrero en el Vaticano que signific\u00f3 la reconciliaci\u00f3n entre ambos, luego de que Milei lo haya descripto como &#8220;el representante del maligno en la tierra&#8221;.<\/p>\n<p>Si bien no est\u00e1 confirmado que los l\u00edderes tendr\u00e1n un intercambio, desde el Gobierno aseguran que existe la posibilidad de concretar un c\u00f3nclave.<\/p>\n<p>Por su parte, Jorge Bergoglio asistir\u00e1 a la cumbre que tendr\u00e1 lugar 13, 14 y 15 de junio para exponer su visi\u00f3n acerca de la inteligencia artificial. Desde el Vaticano tampoco descartaron la posibilidad del encuentro. Esta ser\u00e1 la primera vez en la historia que el Papa participar\u00e1 en los trabajos del Grupo de los Siete, seg\u00fan destac\u00f3 Meloni.<\/p>\n<p>Javier Milei y el Papa Francisco se reunieron a solas por m\u00e1s de una hora en el Vaticano<\/p>\n<p>En el marco de su viaje oficial a Italia en febrero de este a\u00f1o, el presidente Javier Milei y el Papa Francisco se reunieron a solas en el Vaticano, inaugurando una nueva etapa en la relaci\u00f3n entre ambos. El mandatario se reuni\u00f3 con el pont\u00edfice en la Biblioteca del segundo piso del Palacio Apost\u00f3lico por m\u00e1s de una hora.<\/p>\n<p>Uno de los temas en agenda, seg\u00fan hab\u00eda adelantado el mandatario, fue la invitaci\u00f3n a Jorge Mario Bergoglio para que visite Argentina por primera vez desde que fue entronizado en marzo de 2013, una posibilidad que el Papa considera &#8220;una hip\u00f3tesis&#8221; para el segundo semestre del a\u00f1o.<\/p>\n<p>&nbsp;<\/p>\n<p><strong>Los dichos de Milei sobre el Papa<\/strong><\/p>\n<p>Primero en 2020, Javier Milei acus\u00f3 al Pont\u00edfice de ser el &#8220;representante del maligno en la Tierra&#8221;. Adem\u00e1s, en la misma entrevista, el ahora presidente acus\u00f3 a Bergoglio de &#8220;fomentar el comunismo&#8221; en el mundo, y lo calific\u00f3 de &#8220;imb\u00e9cil&#8221;. Adem\u00e1s, lo critic\u00f3 por defender la idea de justicia social, a la que vincul\u00f3 con la envidia (conocido como uno de los pecados capitales).<\/p>\n<p>Luego, en 2023, siendo candidato presidencial le dedic\u00f3 nuevas palabras al Papa: &#8220;Tiene afinidad por los comunistas asesinos. De hecho, no los condena y es bastante condescendiente tambi\u00e9n con la dictadura venezolana&#8221;, enfatiz\u00f3, y lo acus\u00f3 de ser &#8220;condescendiente con todos los de izquierda, aunque sean verdaderos asesinos&#8221;.<\/p>\n","protected":false},"excerpt":{"rendered":"<p>Seg\u00fan trascendi\u00f3, el jefe de Estado podr\u00eda encontrarse con el Pont\u00edfice en la Cumbre del G7, en caso de que Milei acepte la invitaci\u00f3n de Giorgia Meloni &nbsp; &nbsp; El presidente Javier Milei tendr\u00eda previsto aceptar la invitaci\u00f3n que le realiz\u00f3 la titular del Consejo de Ministros de Italia, la derechista Giorgia Meloni, para asistir en junio a la Cumbre del G7, de la que participar\u00e1 tambi\u00e9n el Papa Francisco. El evento se realizar\u00e1 a mitad de a\u00f1o en Borgo Egnazia, un antiguo pueblo costero del sur de Italia. All\u00ed,&#8230;<\/p>\n","protected":false},"author":3,"featured_media":114240,"comment_status":"closed","ping_status":"closed","sticky":false,"template":"","format":"standard","meta":[],"categories":[18],"tags":[],"_links":{"self":[{"href":"https:\/\/www.actualidadadiario.com\/index.php\/wp-json\/wp\/v2\/posts\/114238"}],"collection":[{"href":"https:\/\/www.actualidadadiario.com\/index.php\/wp-json\/wp\/v2\/posts"}],"about":[{"href":"https:\/\/www.actualidadadiario.com\/index.php\/wp-json\/wp\/v2\/types\/post"}],"author":[{"embeddable":true,"href":"https:\/\/www.actualidadadiario.com\/index.php\/wp-json\/wp\/v2\/users\/3"}],"replies":[{"embeddable":true,"href":"https:\/\/www.actualidadadiario.com\/index.php\/wp-json\/wp\/v2\/comments?post=114238"}],"version-history":[{"count":1,"href":"https:\/\/www.actualidadadiario.com\/index.php\/wp-json\/wp\/v2\/posts\/114238\/revisions"}],"predecessor-version":[{"id":114241,"href":"https:\/\/www.actualidadadiario.com\/index.php\/wp-json\/wp\/v2\/posts\/114238\/revisions\/114241"}],"wp:featuredmedia":[{"embeddable":true,"href":"https:\/\/www.actualidadadiario.com\/index.php\/wp-json\/wp\/v2\/media\/114240"}],"wp:attachment":[{"href":"https:\/\/www.actualidadadiario.com\/index.php\/wp-json\/wp\/v2\/media?parent=114238"}],"wp:term":[{"taxonomy":"category","embeddable":true,"href":"https:\/\/www.actualidadadiario.com\/index.php\/wp-json\/wp\/v2\/categories?post=114238"},{"taxonomy":"post_tag","embeddable":true,"href":"https:\/\/www.actualidadadiario.com\/index.php\/wp-json\/wp\/v2\/tags?post=114238"}],"curies":[{"name":"wp","href":"https:\/\/api.w.org\/{rel}","templated":true}]}}