{"id":114235,"date":"2024-05-09T12:43:15","date_gmt":"2024-05-09T15:43:15","guid":{"rendered":"https:\/\/www.actualidadadiario.com\/?p=114235"},"modified":"2024-05-09T12:43:15","modified_gmt":"2024-05-09T15:43:15","slug":"el-gobierno-afirmo-que-el-paro-de-este-jueves-es-netamente-politico-y-le-complica-la-vida-a-la-gente","status":"publish","type":"post","link":"https:\/\/www.actualidadadiario.com\/index.php\/2024\/05\/09\/el-gobierno-afirmo-que-el-paro-de-este-jueves-es-netamente-politico-y-le-complica-la-vida-a-la-gente\/","title":{"rendered":"El Gobierno afirm\u00f3 que el paro de este jueves &#8220;es netamente pol\u00edtico y le complica la vida a la gente&#8221;"},"content":{"rendered":"<p style=\"text-align: center;\"><em><strong>En medio de la medida de fuerza convocada por la CGT, el vocero presidencial apunt\u00f3 contra la central sindical y los acus\u00f3 de estar &#8220;traicionando a los trabajadores&#8221;. Adem\u00e1s, ratific\u00f3 que el protocolo antipiquetes &#8220;est\u00e1 vigente&#8221;<\/strong><\/em><\/p>\n<p>&nbsp;<\/p>\n<p>&nbsp;<\/p>\n<p>El vocero presidencial, Manuel Adorni, afirm\u00f3 que el paro general de este jueves convocado por la CGT, en contra de la ley de Bases que impulsa el oficialismo,\u00a0 es &#8220;netamente pol\u00edtico&#8221; y confirm\u00f3 que se le descontar\u00e1 el d\u00eda a los trabajadores estatales que se hayan adherido.<\/p>\n<p>&#8220;No nos sentimos traicionados por la CGT, sabemos cu\u00e1l es su andar. Es un paro netamente pol\u00edtico que da\u00f1a y le complica la vida a much\u00edsima gente de forma inentendible&#8221;, apunt\u00f3 Adorni en su conferencia de prensa habitual en Casa Rosada donde remarc\u00f3 que los dirigentes de la central sindical &#8220;est\u00e1n traicionando a los trabajadores y a los que hoy no pueden poner un plato de comida arriba de la mesa&#8221;.<\/p>\n<p>En el mismo sentido, ratific\u00f3 que &#8220;el (trabajador estatal) que no va a trabajar porque se adhiri\u00f3 al paro no va a recibir el pago por el d\u00eda&#8221;, tal como hab\u00eda anticipado ayer, y precis\u00f3 que &#8220;depende de cada jefe (de cada dependencia p\u00fablica) ver a qui\u00e9n se le descuenta el d\u00eda y a qui\u00e9n no&#8221;.<\/p>\n<p>Adorni record\u00f3 adem\u00e1s que &#8220;el protocolo antipiquetes est\u00e1 vigente&#8221;. &#8220;Las fuerzas federales est\u00e1n custodiando edificios y rutas, y se les dio la orden de actuar en caso de ser necesario&#8221;, remarc\u00f3.<\/p>\n","protected":false},"excerpt":{"rendered":"<p>En medio de la medida de fuerza convocada por la CGT, el vocero presidencial apunt\u00f3 contra la central sindical y los acus\u00f3 de estar &#8220;traicionando a los trabajadores&#8221;. Adem\u00e1s, ratific\u00f3 que el protocolo antipiquetes &#8220;est\u00e1 vigente&#8221; &nbsp; &nbsp; El vocero presidencial, Manuel Adorni, afirm\u00f3 que el paro general de este jueves convocado por la CGT, en contra de la ley de Bases que impulsa el oficialismo,\u00a0 es &#8220;netamente pol\u00edtico&#8221; y confirm\u00f3 que se le descontar\u00e1 el d\u00eda a los trabajadores estatales que se hayan adherido. &#8220;No nos sentimos traicionados por&#8230;<\/p>\n","protected":false},"author":3,"featured_media":114236,"comment_status":"closed","ping_status":"closed","sticky":false,"template":"","format":"standard","meta":[],"categories":[18],"tags":[],"_links":{"self":[{"href":"https:\/\/www.actualidadadiario.com\/index.php\/wp-json\/wp\/v2\/posts\/114235"}],"collection":[{"href":"https:\/\/www.actualidadadiario.com\/index.php\/wp-json\/wp\/v2\/posts"}],"about":[{"href":"https:\/\/www.actualidadadiario.com\/index.php\/wp-json\/wp\/v2\/types\/post"}],"author":[{"embeddable":true,"href":"https:\/\/www.actualidadadiario.com\/index.php\/wp-json\/wp\/v2\/users\/3"}],"replies":[{"embeddable":true,"href":"https:\/\/www.actualidadadiario.com\/index.php\/wp-json\/wp\/v2\/comments?post=114235"}],"version-history":[{"count":1,"href":"https:\/\/www.actualidadadiario.com\/index.php\/wp-json\/wp\/v2\/posts\/114235\/revisions"}],"predecessor-version":[{"id":114237,"href":"https:\/\/www.actualidadadiario.com\/index.php\/wp-json\/wp\/v2\/posts\/114235\/revisions\/114237"}],"wp:featuredmedia":[{"embeddable":true,"href":"https:\/\/www.actualidadadiario.com\/index.php\/wp-json\/wp\/v2\/media\/114236"}],"wp:attachment":[{"href":"https:\/\/www.actualidadadiario.com\/index.php\/wp-json\/wp\/v2\/media?parent=114235"}],"wp:term":[{"taxonomy":"category","embeddable":true,"href":"https:\/\/www.actualidadadiario.com\/index.php\/wp-json\/wp\/v2\/categories?post=114235"},{"taxonomy":"post_tag","embeddable":true,"href":"https:\/\/www.actualidadadiario.com\/index.php\/wp-json\/wp\/v2\/tags?post=114235"}],"curies":[{"name":"wp","href":"https:\/\/api.w.org\/{rel}","templated":true}]}}