{"id":114232,"date":"2024-05-09T12:42:13","date_gmt":"2024-05-09T15:42:13","guid":{"rendered":"https:\/\/www.actualidadadiario.com\/?p=114232"},"modified":"2024-05-09T12:42:13","modified_gmt":"2024-05-09T15:42:13","slug":"sancionaran-a-las-lineas-de-colectivos-que-no-brinden-servicio-por-el-paro","status":"publish","type":"post","link":"https:\/\/www.actualidadadiario.com\/index.php\/2024\/05\/09\/sancionaran-a-las-lineas-de-colectivos-que-no-brinden-servicio-por-el-paro\/","title":{"rendered":"Sancionar\u00e1n a las l\u00edneas de colectivos que no brinden servicio por el paro"},"content":{"rendered":"<p style=\"text-align: center;\"><em><strong>Lo inform\u00f3 el secretario de Transporte, quien asegur\u00f3 que busca &#8220;garantizar que las empresas tengan las condiciones para prestar servicio&#8221;. Adem\u00e1s, le pidi\u00f3 a la CGT que deje &#8220;trabajar a los que quieran trabajar&#8221;<\/strong><\/em><\/p>\n<p>&nbsp;<\/p>\n<p>&nbsp;<\/p>\n<p>El Gobierno anunci\u00f3 que sancionar\u00e1 a las l\u00edneas de colectivos que no presten servicio este jueves 9 de mayo en medio del paro general que lleva a cabo la Confederaci\u00f3n General del Trabajo (CGT). La medida fue confirmada por el Secretario de Transporte de la Naci\u00f3n, Franco Mogetta.<\/p>\n<p>\u201cPor primera vez en la historia, la Secretar\u00eda de Transporte va a descontar el d\u00eda a las empresas que no presten su servicio\u201d, remarc\u00f3 Mogetta esta ma\u00f1ana en declaraciones a la prensa desde la estaci\u00f3n de Constituci\u00f3n, donde estuvo acompa\u00f1ado por la ministra de Seguridad, Patricia Bullrich.<\/p>\n<p>Y agreg\u00f3: \u201cHasta el d\u00eda de hoy, se ven\u00edan pagando los d\u00edas de paro y se financiaban estas huelgas. El Gobierno nacional ha decidido que esto no seguir\u00e1 siendo as\u00ed\u201d.<\/p>\n<p>&#8220;Hoy tiene que haber un servicio m\u00ednimo. Las condiciones est\u00e1n dadas, por algo hay colectivos circulando. Las empresas que no han salido hoy a trabajar y que les han impedido a sus empleados prestar el servicio, lo est\u00e1n haciendo en abierta connivencia con el sindicato. Nosotros queremos garantizar que todas las empresas van a tener las mismas condiciones para prestar servicio en el d\u00eda de la fecha\u201d, sostuvo el secretario de Transporte.<\/p>\n<p>Seg\u00fan detall\u00f3 el funcionario libertario este jueves &#8220;hay m\u00e1s de 2.300 unidades de colectivos en la calle\u201d lo que equivale en promedio a \u201cun 40% de l\u00edneas que prestan servicio en un d\u00eda normal\u201d y \u201chay empresas que se siguen sumando\u201d. &#8220;Calculamos que en las pr\u00f3ximas horas contaremos con 200 unidades m\u00e1s en la calle\u201d, consider\u00f3 Mogetta.<\/p>\n<p>Y apunt\u00f3 contra la CGT: &#8220;A los sindicatos, que dejen trabajar a los que quieran trabajar. Ese es mi mensaje. Ellos sabr\u00e1n la raz\u00f3n para hacer un paro, pero no pueden obligar a los que no quieren parar. Evaluamos que no es el modo, que protejan a los trabajadores&#8221;.<\/p>\n","protected":false},"excerpt":{"rendered":"<p>Lo inform\u00f3 el secretario de Transporte, quien asegur\u00f3 que busca &#8220;garantizar que las empresas tengan las condiciones para prestar servicio&#8221;. Adem\u00e1s, le pidi\u00f3 a la CGT que deje &#8220;trabajar a los que quieran trabajar&#8221; &nbsp; &nbsp; El Gobierno anunci\u00f3 que sancionar\u00e1 a las l\u00edneas de colectivos que no presten servicio este jueves 9 de mayo en medio del paro general que lleva a cabo la Confederaci\u00f3n General del Trabajo (CGT). La medida fue confirmada por el Secretario de Transporte de la Naci\u00f3n, Franco Mogetta. \u201cPor primera vez en la historia,&#8230;<\/p>\n","protected":false},"author":3,"featured_media":114233,"comment_status":"closed","ping_status":"closed","sticky":false,"template":"","format":"standard","meta":[],"categories":[18],"tags":[],"_links":{"self":[{"href":"https:\/\/www.actualidadadiario.com\/index.php\/wp-json\/wp\/v2\/posts\/114232"}],"collection":[{"href":"https:\/\/www.actualidadadiario.com\/index.php\/wp-json\/wp\/v2\/posts"}],"about":[{"href":"https:\/\/www.actualidadadiario.com\/index.php\/wp-json\/wp\/v2\/types\/post"}],"author":[{"embeddable":true,"href":"https:\/\/www.actualidadadiario.com\/index.php\/wp-json\/wp\/v2\/users\/3"}],"replies":[{"embeddable":true,"href":"https:\/\/www.actualidadadiario.com\/index.php\/wp-json\/wp\/v2\/comments?post=114232"}],"version-history":[{"count":1,"href":"https:\/\/www.actualidadadiario.com\/index.php\/wp-json\/wp\/v2\/posts\/114232\/revisions"}],"predecessor-version":[{"id":114234,"href":"https:\/\/www.actualidadadiario.com\/index.php\/wp-json\/wp\/v2\/posts\/114232\/revisions\/114234"}],"wp:featuredmedia":[{"embeddable":true,"href":"https:\/\/www.actualidadadiario.com\/index.php\/wp-json\/wp\/v2\/media\/114233"}],"wp:attachment":[{"href":"https:\/\/www.actualidadadiario.com\/index.php\/wp-json\/wp\/v2\/media?parent=114232"}],"wp:term":[{"taxonomy":"category","embeddable":true,"href":"https:\/\/www.actualidadadiario.com\/index.php\/wp-json\/wp\/v2\/categories?post=114232"},{"taxonomy":"post_tag","embeddable":true,"href":"https:\/\/www.actualidadadiario.com\/index.php\/wp-json\/wp\/v2\/tags?post=114232"}],"curies":[{"name":"wp","href":"https:\/\/api.w.org\/{rel}","templated":true}]}}