{"id":114229,"date":"2024-05-09T12:40:42","date_gmt":"2024-05-09T15:40:42","guid":{"rendered":"https:\/\/www.actualidadadiario.com\/?p=114229"},"modified":"2024-05-09T12:40:42","modified_gmt":"2024-05-09T15:40:42","slug":"ley-de-bases-tercera-jornada-de-debate-en-el-senado-con-un-oficialismo-menos-optimista-en-conseguir-el-dictamen","status":"publish","type":"post","link":"https:\/\/www.actualidadadiario.com\/index.php\/2024\/05\/09\/ley-de-bases-tercera-jornada-de-debate-en-el-senado-con-un-oficialismo-menos-optimista-en-conseguir-el-dictamen\/","title":{"rendered":"Ley de Bases: tercera jornada de debate en el senado con un oficialismo menos optimista en conseguir el dictamen"},"content":{"rendered":"<p style=\"text-align: center;\"><em><strong>La oposici\u00f3n de Uni\u00f3n por la Patria consigui\u00f3 alargar la discusi\u00f3n al sumar oradores para el pr\u00f3ximo martes y mi\u00e9rcoles. Crece la idea de que las norma tendr\u00e1 cambios y volver\u00e1 a Diputados<\/strong><\/em><\/p>\n<p>&nbsp;<\/p>\n<p>&nbsp;<\/p>\n<p>La Ley Bases en la C\u00e1mara de Senadores tendr\u00e1 que esperar una semana m\u00e1s. En el debate en comisiones, la oposici\u00f3n logr\u00f3 que especialistas vayan a exponer sobre diferentes art\u00edculos del documento, los pr\u00f3ximos martes y mi\u00e9rcoles. En tanto, desde el Gobierno de Javier Milei son conscientes de que la iniciativa sufrir\u00e1 modificaciones, por lo que tendr\u00e1 que volver a Diputados para su revisi\u00f3n.<\/p>\n<p>En medio del segundo paro general que realiza la CGT durante los seis meses de gesti\u00f3n de Milei, los legisladores se volver\u00e1n a reunir para seguir debatiendo tanto la ley Bases como el Paquete Fiscal, que fueron aprobadas en Diputados. La idea es que la semana que viene, el proyecto pueda tener despacho. En tal sentido, desde La Libertad Avanza aseguran que el tratamiento en el recinto se puede llegar a dar el 16 o 23 de mayo.<\/p>\n<p>Si estuvi\u00e9ramos con margen de aprobar las normas, el 23 llegar\u00edamos al acto de C\u00f3rdoba con las leyes, pero descartamos que tengan cambios y eso significa que vamos a tener que volver a Diputados. Hay que juntar el qu\u00f3rum y volver a defender los cambios\u201d, manifest\u00f3 un legislador libertario.<\/p>\n<p>El oficialismo cree que los principales cambios se van a producir en el paquete fiscal y no tanto en la Ley Bases, porque los gobernadores como los legisladores del interior del pa\u00eds ya han manifestado una serie de inquietudes en ese apartado. El encuentro de este jueves est\u00e1 pactado para las 10, en la que la comisi\u00f3n de Presupuesto y Hacienda retomar\u00e1n la discusi\u00f3n sobre el paquete fiscal. Una vez que finalicen con este, seguir\u00e1n\u00a0 la Ley Bases.<\/p>\n<p>En el Senado, y mientras se siguen concatenando los discursos, parece que ya no quedan dudas de que las normas sufrir\u00e1n modificaciones. No hay un solo sector de la oposici\u00f3n que no presente cuestionamientos a alg\u00fan punto de las normas. Aunque el la oposici\u00f3n kirchnerista va a ir por un dictamen de rechazo, lo m\u00e1s probable es que esa votaci\u00f3n se pierda, y apunten a las modificaciones de la normal posici\u00f3n en donde cuenta con cada vez m\u00e1s apoyo.<\/p>\n","protected":false},"excerpt":{"rendered":"<p>La oposici\u00f3n de Uni\u00f3n por la Patria consigui\u00f3 alargar la discusi\u00f3n al sumar oradores para el pr\u00f3ximo martes y mi\u00e9rcoles. Crece la idea de que las norma tendr\u00e1 cambios y volver\u00e1 a Diputados &nbsp; &nbsp; La Ley Bases en la C\u00e1mara de Senadores tendr\u00e1 que esperar una semana m\u00e1s. En el debate en comisiones, la oposici\u00f3n logr\u00f3 que especialistas vayan a exponer sobre diferentes art\u00edculos del documento, los pr\u00f3ximos martes y mi\u00e9rcoles. En tanto, desde el Gobierno de Javier Milei son conscientes de que la iniciativa sufrir\u00e1 modificaciones, por lo&#8230;<\/p>\n","protected":false},"author":3,"featured_media":114230,"comment_status":"closed","ping_status":"closed","sticky":false,"template":"","format":"standard","meta":[],"categories":[18],"tags":[],"_links":{"self":[{"href":"https:\/\/www.actualidadadiario.com\/index.php\/wp-json\/wp\/v2\/posts\/114229"}],"collection":[{"href":"https:\/\/www.actualidadadiario.com\/index.php\/wp-json\/wp\/v2\/posts"}],"about":[{"href":"https:\/\/www.actualidadadiario.com\/index.php\/wp-json\/wp\/v2\/types\/post"}],"author":[{"embeddable":true,"href":"https:\/\/www.actualidadadiario.com\/index.php\/wp-json\/wp\/v2\/users\/3"}],"replies":[{"embeddable":true,"href":"https:\/\/www.actualidadadiario.com\/index.php\/wp-json\/wp\/v2\/comments?post=114229"}],"version-history":[{"count":1,"href":"https:\/\/www.actualidadadiario.com\/index.php\/wp-json\/wp\/v2\/posts\/114229\/revisions"}],"predecessor-version":[{"id":114231,"href":"https:\/\/www.actualidadadiario.com\/index.php\/wp-json\/wp\/v2\/posts\/114229\/revisions\/114231"}],"wp:featuredmedia":[{"embeddable":true,"href":"https:\/\/www.actualidadadiario.com\/index.php\/wp-json\/wp\/v2\/media\/114230"}],"wp:attachment":[{"href":"https:\/\/www.actualidadadiario.com\/index.php\/wp-json\/wp\/v2\/media?parent=114229"}],"wp:term":[{"taxonomy":"category","embeddable":true,"href":"https:\/\/www.actualidadadiario.com\/index.php\/wp-json\/wp\/v2\/categories?post=114229"},{"taxonomy":"post_tag","embeddable":true,"href":"https:\/\/www.actualidadadiario.com\/index.php\/wp-json\/wp\/v2\/tags?post=114229"}],"curies":[{"name":"wp","href":"https:\/\/api.w.org\/{rel}","templated":true}]}}