{"id":114223,"date":"2024-05-09T12:37:53","date_gmt":"2024-05-09T15:37:53","guid":{"rendered":"https:\/\/www.actualidadadiario.com\/?p=114223"},"modified":"2024-05-09T12:37:53","modified_gmt":"2024-05-09T15:37:53","slug":"el-provocador-mensaje-de-luis-caputo-en-medio-del-paro-general","status":"publish","type":"post","link":"https:\/\/www.actualidadadiario.com\/index.php\/2024\/05\/09\/el-provocador-mensaje-de-luis-caputo-en-medio-del-paro-general\/","title":{"rendered":"El provocador mensaje de Luis Caputo en medio del paro general"},"content":{"rendered":"<p style=\"text-align: center;\"><strong><em>El ministro de Econom\u00eda de la Naci\u00f3n us\u00f3 las redes sociales para enviar un mensaje sobre el paro general: no se mueve casi nada en el pa\u00eds<\/em><\/strong><\/p>\n<p>&nbsp;<\/p>\n<p>&nbsp;<\/p>\n<p>La Confederaci\u00f3n General del Trabajo (CGT) realizar\u00e1 un paro general este jueves 9 de mayo, el segundo al Gobierno de Javier Milei, en medio de un ajuste feroz que est\u00e1 llevando al pa\u00eds a una crisis econ\u00f3mica in\u00e9dita. La medida tiene un mayor impacto con la adhesi\u00f3n de todas las actividades econ\u00f3micas. Esto afectar\u00e1 el funcionamiento de los principales servicios de transporte, salud, educaci\u00f3n y comercio.<\/p>\n<p>&nbsp;<\/p>\n<p><strong>El mensaje<\/strong><\/p>\n<p>En medio del paro general el ministro de Econom\u00eda de la Naci\u00f3n, Luis Caputo, envi\u00f3 un mensaje a trav\u00e9s de las redes al estilo Javiel Milei, sin tener en cuenta la realidad y la situaci\u00f3n de los argentinos.<\/p>\n<p>&#8220;Mi solidaridad para con todos los trabajadores que no pueden hoy ir a su trabajo y cobrar\u00e1n menos a fin de mes, producto de este paro. Siento que el sindicalismo est\u00e1 cada vez m\u00e1s alejado de la realidad&#8221;, escribi\u00f3 Caputo en X, ex Twitter.<\/p>\n<p>Y agrega: &#8220;La gente ya abri\u00f3 los ojos y tiene claro que de este desastre solo se sale con esfuerzo y sacrificio, no mal gastando la plata de los contribuyentes o imprimiendo pesos para que cada vez valgan menos. Sigamos confiando, estamos por el buen camino&#8221;.<\/p>\n","protected":false},"excerpt":{"rendered":"<p>El ministro de Econom\u00eda de la Naci\u00f3n us\u00f3 las redes sociales para enviar un mensaje sobre el paro general: no se mueve casi nada en el pa\u00eds &nbsp; &nbsp; La Confederaci\u00f3n General del Trabajo (CGT) realizar\u00e1 un paro general este jueves 9 de mayo, el segundo al Gobierno de Javier Milei, en medio de un ajuste feroz que est\u00e1 llevando al pa\u00eds a una crisis econ\u00f3mica in\u00e9dita. La medida tiene un mayor impacto con la adhesi\u00f3n de todas las actividades econ\u00f3micas. Esto afectar\u00e1 el funcionamiento de los principales servicios de&#8230;<\/p>\n","protected":false},"author":3,"featured_media":114224,"comment_status":"closed","ping_status":"closed","sticky":false,"template":"","format":"standard","meta":[],"categories":[18],"tags":[],"_links":{"self":[{"href":"https:\/\/www.actualidadadiario.com\/index.php\/wp-json\/wp\/v2\/posts\/114223"}],"collection":[{"href":"https:\/\/www.actualidadadiario.com\/index.php\/wp-json\/wp\/v2\/posts"}],"about":[{"href":"https:\/\/www.actualidadadiario.com\/index.php\/wp-json\/wp\/v2\/types\/post"}],"author":[{"embeddable":true,"href":"https:\/\/www.actualidadadiario.com\/index.php\/wp-json\/wp\/v2\/users\/3"}],"replies":[{"embeddable":true,"href":"https:\/\/www.actualidadadiario.com\/index.php\/wp-json\/wp\/v2\/comments?post=114223"}],"version-history":[{"count":1,"href":"https:\/\/www.actualidadadiario.com\/index.php\/wp-json\/wp\/v2\/posts\/114223\/revisions"}],"predecessor-version":[{"id":114225,"href":"https:\/\/www.actualidadadiario.com\/index.php\/wp-json\/wp\/v2\/posts\/114223\/revisions\/114225"}],"wp:featuredmedia":[{"embeddable":true,"href":"https:\/\/www.actualidadadiario.com\/index.php\/wp-json\/wp\/v2\/media\/114224"}],"wp:attachment":[{"href":"https:\/\/www.actualidadadiario.com\/index.php\/wp-json\/wp\/v2\/media?parent=114223"}],"wp:term":[{"taxonomy":"category","embeddable":true,"href":"https:\/\/www.actualidadadiario.com\/index.php\/wp-json\/wp\/v2\/categories?post=114223"},{"taxonomy":"post_tag","embeddable":true,"href":"https:\/\/www.actualidadadiario.com\/index.php\/wp-json\/wp\/v2\/tags?post=114223"}],"curies":[{"name":"wp","href":"https:\/\/api.w.org\/{rel}","templated":true}]}}