{"id":114218,"date":"2024-05-09T12:34:14","date_gmt":"2024-05-09T15:34:14","guid":{"rendered":"https:\/\/www.actualidadadiario.com\/?p=114218"},"modified":"2024-05-09T12:34:14","modified_gmt":"2024-05-09T15:34:14","slug":"se-siente-con-fuerza-el-segundo-paro-general-contra-las-politicas-de-milei","status":"publish","type":"post","link":"https:\/\/www.actualidadadiario.com\/index.php\/2024\/05\/09\/se-siente-con-fuerza-el-segundo-paro-general-contra-las-politicas-de-milei\/","title":{"rendered":"Se siente con fuerza el segundo paro general contra las pol\u00edticas de Milei"},"content":{"rendered":"<p style=\"text-align: center;\"><em><strong>La jornada de lucha, convocada por la CGT y las dos CTA, arranc\u00f3 con escaso movimiento en las calles por el servicio de transporte paralizado en casi su totalidad. Tambi\u00e9n se siente fuerte en comercios, bancos y en los sectores salud y educaci\u00f3n<\/strong><\/em><\/p>\n<p>&nbsp;<\/p>\n<p>&nbsp;<\/p>\n<p>El segundo paro general contra el gobierno de Javier Milei rige desde los primeros minutos de este jueves y por 24 horas en todo el pa\u00eds, convocado por la Confederaci\u00f3n General del Trabajo (CGT) y las dos CTA, y paraliza el transporte, el comercio, los bancos y los servicios de educaci\u00f3n y salud.<\/p>\n<p>La ciudad de Buenos Aires amaneci\u00f3 con escaso movimiento en sus calles, por el servicio de transporte paralizado en casi su totalidad; con excepci\u00f3n de algunas l\u00edneas de colectivos de la empresa Dota, que denunci\u00f3 que fueron apedreados algunos de sus coches.<\/p>\n<p>Con las consignas \u201cLa Patria no se vende\u201d y \u201cPar\u00e1 la mano\u201d, la medida de fuerza se realiza en el marco de un plan de lucha de las centrales obreras que incluy\u00f3 la semana pasada una masiva concentraci\u00f3n por el D\u00eda del Trabajador, y previamente la participaci\u00f3n en la multitudinaria marcha universitaria del 23 de abril.<\/p>\n<p>Se trata de la segunda medida de fuerza general y nacional de la CGT durante la gesti\u00f3n de Milei: la primera fue el 24 de enero, a 45 d\u00edas del inicio del nuevo gobierno, e incluy\u00f3 una masiva concentraci\u00f3n en Plaza Congreso, mientras se desarrollaban las sesiones extraordinarias.<\/p>\n<p>Las dos CTA se sumaron tambi\u00e9n a la convocatoria, que tiene entre sus principales reclamos el rechazo a la ley Bases y la reforma fiscal, que ya obtuvo media sanci\u00f3n de la C\u00e1mara de Diputados y se est\u00e1 debatiendo esta semana en comisi\u00f3n en el Senado.<\/p>\n<p>\u201cEl paro general va a ser contundente. Ser\u00e1 un mensaje para los senadores de otros bloques, entre comillas dialoguistas, que todav\u00eda no se decidieron. Les exigimos que no voten la Ley Bases\u201d, dijo Pablo Moyano en las \u00faltimas horas sobre la medida.<\/p>\n<p>&nbsp;<\/p>\n<p><strong>Sin transporte p\u00fablico<\/strong><\/p>\n<p>Adhieren a la medida los gremios del transporte: la Uni\u00f3n Tranviaria Automotor (UTA), los metrodelegados, la Uni\u00f3n Ferroviaria y La Fraternidad, y los gremios aeron\u00e1uticos, con lo cual no hay servicio de colectivos, subtes, trenes ni aviones.<\/p>\n<p>\u201cSolicitamos a las autoridades que tienen en sus manos las decisiones que est\u00e1n afectando las vidas de la inmensa mayor\u00eda del Pueblo, que reflexionen y comprendan los alcances del mandato que se otorg\u00f3 a los poderes Ejecutivo y Legislativo, y que en base a ello y al cumplimiento de la Constituci\u00f3n Nacional, obren en consecuencia, en defensa de los intereses y el bienestar de todos los argentinos y argentinas\u201d, expres\u00f3 la UTA en un comunicado.<\/p>\n<p>Tambi\u00e9n se encuentran afectadas las actividades mar\u00edtimas y portuarias, tras la adhesi\u00f3n a la medida de la Confederaci\u00f3n de Trabajadores del Transporte (CATT).<\/p>\n<p>Se suma asimismo al paro general la Asociaci\u00f3n Trabajadores del Estado (ATE): su titular, Rodolfo Aguiar, ratific\u00f3 la adhesi\u00f3n del gremio y asegur\u00f3 que se plegar\u00e1n los empleados provinciales y municipales de la organizaci\u00f3n.<\/p>\n<p>\u201cEste paro tiene varios destinatarios. No solo el presidente Javier Milei, sino los gobernadores y senadores que tendr\u00e1n que tratar la Ley Bases, y tambi\u00e9n los cuatro o cinco grupos empresarios que son socios del Ejecutivo\u201c, asegur\u00f3 Aguiar.<\/p>\n<p>La Asociaci\u00f3n Bancaria (AB) tambi\u00e9n se suma a la medida de fuerza, con lo que no habr\u00e1 atenci\u00f3n en las sucursales de los bancos durante la jornada de hoy.<\/p>\n<p>\u201cPorque la pol\u00edtica econ\u00f3mica llevada a cabo por el Gobierno Nacional no para de perjudicar a los trabajadores\/as y al pueblo en su conjunto, mientras favorece descaradamente a grandes empresarios, grupos econ\u00f3micos y al poder real, la Asociaci\u00f3n Bancaria adhiere a la medida de fuerza dispuesta por la CGT\u201d, anunci\u00f3 la AB, que lidera Sergio Palazzo.<\/p>\n<p>&nbsp;<\/p>\n<p><strong>C\u00f3mo se ver\u00e1 afectada la educaci\u00f3n, el comercio y la salud<\/strong><\/p>\n<p>Por su parte, la Confederaci\u00f3n de Trabajadores de la Educaci\u00f3n de la Rep\u00fablica Argentina (Ctera) llam\u00f3 a un paro nacional docente para hoy, con lo que se ven afectadas las clases en todo el pa\u00eds.<\/p>\n<p>Entre los reclamos espec\u00edficos del gremio docente se encuentran \u201cel financiamiento para la educaci\u00f3n p\u00fablica y el pago del Fonid\u201d, el rechazo a la Ley Bases y el DNU 70\/2023 y contra \u201cel ajuste, los despidos y los tarifazos\u201d.<\/p>\n<p>Tras la multitudinaria marcha universitaria del 23 de abril, los docentes de las casas de estudio tambi\u00e9n van hoy al paro.<\/p>\n<p>\u201cLa docencia universitaria va al paro nacional. Porque los docentes universitarios no pueden seguir cobran salarios por debajo de la l\u00ednea de pobreza. Porque es nuestro derecho tener paritarias libres y un mayor presupuesto para las universidades p\u00fablicas\u201d, indic\u00f3 la Conadu en un comunicado.<\/p>\n<p>Desde el sector de comercio, el titular de la Federaci\u00f3n Argentina de Empleados de Comercio y Servicios (Faecys), Armando Cavalieri, emiti\u00f3 un comunicado en el que ratifica su adhesi\u00f3n a la medida, por lo que se espera que shoppings y cadenas de supermercados est\u00e9n cerrados en la jornada de hoy.<\/p>\n<p>\u201cAlineados a los reclamos y demandas del movimiento obrero, los trabajadores\/as mercantiles hemos decidido parar en defensa de las fuentes de trabajo, de la industria nacional y en defensa del sistema previsional argentino\u201d, indica el comunicado.<\/p>\n<p>El Sindicato de Trabajadores de la Sanidad Argentina, que lidera H\u00e9ctor Daer, se pliega tambi\u00e9n a la medida de fuerza, y solo se atender\u00e1n urgencias en los hospitales p\u00fablicos.<\/p>\n<p>\u201cEl paro ser\u00e1 por 24 horas y ser\u00e1 TOTAL. Esto significa que solo se cubrir\u00e1n las guardias m\u00ednimas, cuya forma de traslado y plantel deber\u00e1n ser garantizadas por el empleador sin excepci\u00f3n\u201d, inform\u00f3 el gremio de la sanidad.<\/p>\n","protected":false},"excerpt":{"rendered":"<p>La jornada de lucha, convocada por la CGT y las dos CTA, arranc\u00f3 con escaso movimiento en las calles por el servicio de transporte paralizado en casi su totalidad. Tambi\u00e9n se siente fuerte en comercios, bancos y en los sectores salud y educaci\u00f3n &nbsp; &nbsp; El segundo paro general contra el gobierno de Javier Milei rige desde los primeros minutos de este jueves y por 24 horas en todo el pa\u00eds, convocado por la Confederaci\u00f3n General del Trabajo (CGT) y las dos CTA, y paraliza el transporte, el comercio, los&#8230;<\/p>\n","protected":false},"author":3,"featured_media":114219,"comment_status":"closed","ping_status":"closed","sticky":false,"template":"","format":"standard","meta":[],"categories":[9],"tags":[],"_links":{"self":[{"href":"https:\/\/www.actualidadadiario.com\/index.php\/wp-json\/wp\/v2\/posts\/114218"}],"collection":[{"href":"https:\/\/www.actualidadadiario.com\/index.php\/wp-json\/wp\/v2\/posts"}],"about":[{"href":"https:\/\/www.actualidadadiario.com\/index.php\/wp-json\/wp\/v2\/types\/post"}],"author":[{"embeddable":true,"href":"https:\/\/www.actualidadadiario.com\/index.php\/wp-json\/wp\/v2\/users\/3"}],"replies":[{"embeddable":true,"href":"https:\/\/www.actualidadadiario.com\/index.php\/wp-json\/wp\/v2\/comments?post=114218"}],"version-history":[{"count":1,"href":"https:\/\/www.actualidadadiario.com\/index.php\/wp-json\/wp\/v2\/posts\/114218\/revisions"}],"predecessor-version":[{"id":114220,"href":"https:\/\/www.actualidadadiario.com\/index.php\/wp-json\/wp\/v2\/posts\/114218\/revisions\/114220"}],"wp:featuredmedia":[{"embeddable":true,"href":"https:\/\/www.actualidadadiario.com\/index.php\/wp-json\/wp\/v2\/media\/114219"}],"wp:attachment":[{"href":"https:\/\/www.actualidadadiario.com\/index.php\/wp-json\/wp\/v2\/media?parent=114218"}],"wp:term":[{"taxonomy":"category","embeddable":true,"href":"https:\/\/www.actualidadadiario.com\/index.php\/wp-json\/wp\/v2\/categories?post=114218"},{"taxonomy":"post_tag","embeddable":true,"href":"https:\/\/www.actualidadadiario.com\/index.php\/wp-json\/wp\/v2\/tags?post=114218"}],"curies":[{"name":"wp","href":"https:\/\/api.w.org\/{rel}","templated":true}]}}