{"id":114210,"date":"2024-05-09T12:01:46","date_gmt":"2024-05-09T15:01:46","guid":{"rendered":"https:\/\/www.actualidadadiario.com\/?p=114210"},"modified":"2024-05-09T12:01:46","modified_gmt":"2024-05-09T15:01:46","slug":"alerta-hoy-por-fuertes-nevadas-tres-provincias-afectadas","status":"publish","type":"post","link":"https:\/\/www.actualidadadiario.com\/index.php\/2024\/05\/09\/alerta-hoy-por-fuertes-nevadas-tres-provincias-afectadas\/","title":{"rendered":"Alerta hoy por fuertes nevadas: tres provincias afectadas"},"content":{"rendered":"<p style=\"text-align: center;\"><em><strong>El Servicio Meteorol\u00f3gico Nacional preve\u00eda una jornada con clima adverso para zonas de la Patagonia<\/strong><\/em><\/p>\n<p>&nbsp;<\/p>\n<p>&nbsp;<\/p>\n<p>El fr\u00edo lleg\u00f3 a la Argentina, y es en este marco que el Servicio Meteorol\u00f3gico Nacional (SMN) manten\u00eda para este jueves un alerta por nieve y fuertes nevadas.<\/p>\n<p>Se trata de un alerta amarillo que alcanza a zonas de la cordillera de R\u00edo Negro, la parte norte de la cordillera de Chubut y el norte y centro de Santa Cruz.<\/p>\n<p>&nbsp;<\/p>\n<p><strong>Alerta amarilla por nieve<\/strong><\/p>\n<p>De acuerdo con el reporte del organismo, \u201cel \u00e1rea ser\u00e1 afectada por nevadas, pudiendo ser localmente fuertes\u201d.<\/p>\n<p>Seg\u00fan el informe, se esperan valores de nieve acumulada entre 15 y 30 cm, pudiendo ser superados en forma puntual. Los valores m\u00e1s altos se esperan en las zonas de mayor elevaci\u00f3n.<\/p>\n<p>&nbsp;<\/p>\n<p><strong>Recomendaciones del SMN por fuerte nevadas<\/strong><\/p>\n<ul>\n<li>Evit\u00e1 actividades al aire libre.<\/li>\n<li>Retir\u00e1 peri\u00f3dicamente la nieve acumulada en los techos.<\/li>\n<li>Circul\u00e1 con veh\u00edculos adecuados y preparados para hielo y nieve.<\/li>\n<li>Ventil\u00e1 veh\u00edculos y viviendas para evitar acumulaci\u00f3n de mon\u00f3xido de carbono.<\/li>\n<li>Informate por las autoridades.<\/li>\n<li>Ten\u00e9 siempre lista una mochila de emergencias con linterna, radio, documentos y tel\u00e9fono.<\/li>\n<\/ul>\n","protected":false},"excerpt":{"rendered":"<p>El Servicio Meteorol\u00f3gico Nacional preve\u00eda una jornada con clima adverso para zonas de la Patagonia &nbsp; &nbsp; El fr\u00edo lleg\u00f3 a la Argentina, y es en este marco que el Servicio Meteorol\u00f3gico Nacional (SMN) manten\u00eda para este jueves un alerta por nieve y fuertes nevadas. Se trata de un alerta amarillo que alcanza a zonas de la cordillera de R\u00edo Negro, la parte norte de la cordillera de Chubut y el norte y centro de Santa Cruz. &nbsp; Alerta amarilla por nieve De acuerdo con el reporte del organismo, \u201cel&#8230;<\/p>\n","protected":false},"author":3,"featured_media":114211,"comment_status":"closed","ping_status":"closed","sticky":false,"template":"","format":"standard","meta":[],"categories":[2],"tags":[],"_links":{"self":[{"href":"https:\/\/www.actualidadadiario.com\/index.php\/wp-json\/wp\/v2\/posts\/114210"}],"collection":[{"href":"https:\/\/www.actualidadadiario.com\/index.php\/wp-json\/wp\/v2\/posts"}],"about":[{"href":"https:\/\/www.actualidadadiario.com\/index.php\/wp-json\/wp\/v2\/types\/post"}],"author":[{"embeddable":true,"href":"https:\/\/www.actualidadadiario.com\/index.php\/wp-json\/wp\/v2\/users\/3"}],"replies":[{"embeddable":true,"href":"https:\/\/www.actualidadadiario.com\/index.php\/wp-json\/wp\/v2\/comments?post=114210"}],"version-history":[{"count":1,"href":"https:\/\/www.actualidadadiario.com\/index.php\/wp-json\/wp\/v2\/posts\/114210\/revisions"}],"predecessor-version":[{"id":114212,"href":"https:\/\/www.actualidadadiario.com\/index.php\/wp-json\/wp\/v2\/posts\/114210\/revisions\/114212"}],"wp:featuredmedia":[{"embeddable":true,"href":"https:\/\/www.actualidadadiario.com\/index.php\/wp-json\/wp\/v2\/media\/114211"}],"wp:attachment":[{"href":"https:\/\/www.actualidadadiario.com\/index.php\/wp-json\/wp\/v2\/media?parent=114210"}],"wp:term":[{"taxonomy":"category","embeddable":true,"href":"https:\/\/www.actualidadadiario.com\/index.php\/wp-json\/wp\/v2\/categories?post=114210"},{"taxonomy":"post_tag","embeddable":true,"href":"https:\/\/www.actualidadadiario.com\/index.php\/wp-json\/wp\/v2\/tags?post=114210"}],"curies":[{"name":"wp","href":"https:\/\/api.w.org\/{rel}","templated":true}]}}