{"id":114206,"date":"2024-05-09T12:00:04","date_gmt":"2024-05-09T15:00:04","guid":{"rendered":"https:\/\/www.actualidadadiario.com\/?p=114206"},"modified":"2024-05-09T12:00:04","modified_gmt":"2024-05-09T15:00:04","slug":"empleo-domestico-como-quedan-las-escalas-con-la-oficializacion-del-aumento-del-primer-trimestre","status":"publish","type":"post","link":"https:\/\/www.actualidadadiario.com\/index.php\/2024\/05\/09\/empleo-domestico-como-quedan-las-escalas-con-la-oficializacion-del-aumento-del-primer-trimestre\/","title":{"rendered":"Empleo dom\u00e9stico: c\u00f3mo quedan las escalas con la oficializaci\u00f3n del aumento del primer trimestre"},"content":{"rendered":"<p style=\"text-align: center;\"><em><strong>El Gobierno oficializ\u00f3 el incremento del 35% acordado para febrero y marzo<\/strong><\/em><\/p>\n<p>&nbsp;<\/p>\n<p>&nbsp;<\/p>\n<p>La Comisi\u00f3n Nacional de Trabajo en Casas Particulares (CTCP) oficializ\u00f3 este jueves el incremento del 35% en las remuneraciones horarias y mensuales m\u00ednimas, dispuesto para el primer trimestre del 2024, a trav\u00e9s de la Resoluci\u00f3n 2\/2024 publicada en el Bolet\u00edn Oficial.<\/p>\n<p>La normativa recuerda que a finales de febrero, \u201clas representaciones sectoriales de trabajadoras y trabajadores, empleadoras y empleadores y de los Ministerios y Secretar\u00edas integrantes de la Comisi\u00f3n Nacional de Trabajo para el Personal de Casas Particulares han acordado un incremento salarial\u201d.<\/p>\n<p>&nbsp;<\/p>\n<p>Al respecto, precis\u00f3 que el incremento mencionado ut supra se har\u00e1 efectivo de la siguiente forma:<\/p>\n<p><strong>1-<\/strong>20% a partir del mes de febrero del 2024 con base en los salarios m\u00ednimos establecidos para el mes de diciembre de 2023.<\/p>\n<p><strong>2-<\/strong>15 % a partir del mes de marzo del 2024 con base en los salarios m\u00ednimos establecidos para el mes de febrero 2024, con cl\u00e1usula de revisi\u00f3n el 17 de abril de 2024.<\/p>\n<p>La revisi\u00f3n a la que hace referencia el texto oficial ya se llev\u00f3 a cabo y determin\u00f3 un aumento del 18,77% en forma acumulada, que se aplicar\u00e1 en dos tramos: un 11% a partir de abril y un 7% adicional a partir de mayo. Adem\u00e1s, se acord\u00f3 revisar nuevamente los salarios en junio.<\/p>\n<p>A las mencionadas subas, tambi\u00e9n se le agrega un adicional del 30% por zona desfavorable en los casos que corresponda, as\u00ed como el adicional por antig\u00fcedad laboral. Se considera zona desfavorable a las provincias de La Pampa, R\u00edo Negro, Chubut, Neuqu\u00e9n, Santa Cruz, Tierra del Fuego, Ant\u00e1rtida e Islas del Atl\u00e1ntico Sur, o en el Partido de Patagones de la Provincia de Buenos Aires.<\/p>\n<p>&nbsp;<\/p>\n<p><strong>Las escalas con los aumentos de abril y mayo<\/strong><\/p>\n<p><strong>Categor\u00eda Primera: <\/strong><\/p>\n<ul>\n<li>Con retiro: Abril: $2.913,82 \/ Mayo: $3.161,50<\/li>\n<li>Sin retiro: Abril: $3.161,50 \/ Mayo: $3.429,18<\/li>\n<\/ul>\n<p>&nbsp;<\/p>\n<p><strong>Categor\u00eda Segunda: <\/strong><\/p>\n<ul>\n<li>Con retiro: Abril: $2.760,75 \/ Mayo: $2.980,81<\/li>\n<li>Sin retiro: Abril: $3.009,42 \/ Mayo: $3.237,17<\/li>\n<\/ul>\n<p>&nbsp;<\/p>\n<p><strong>Categor\u00eda Tercera: <\/strong><\/p>\n<ul>\n<li>Con retiro: Abril: $2.663,81 \/ Mayo: $2.867,13<\/li>\n<li>Sin retiro: Abril: $2.867,13 \/ Mayo: $3.075,46<\/li>\n<\/ul>\n<p>&nbsp;<\/p>\n<p><strong>Categor\u00eda Cuarta: <\/strong><\/p>\n<ul>\n<li>Con retiro: Abril: $2.566,87 \/ Mayo: $2.774,54<\/li>\n<li>Sin retiro: Abril: $2.774,54 \/ Mayo: $2.982,21<\/li>\n<\/ul>\n<p>&nbsp;<\/p>\n<p><strong>Categor\u00eda Quinta: <\/strong><\/p>\n<ul>\n<li>Con retiro: Abril: $2.478,08 \/ Mayo: $2.663,81<\/li>\n<li>Sin retiro: Abril: $2.663,81 \/ Mayo: $2.867,13<\/li>\n<\/ul>\n","protected":false},"excerpt":{"rendered":"<p>El Gobierno oficializ\u00f3 el incremento del 35% acordado para febrero y marzo &nbsp; &nbsp; La Comisi\u00f3n Nacional de Trabajo en Casas Particulares (CTCP) oficializ\u00f3 este jueves el incremento del 35% en las remuneraciones horarias y mensuales m\u00ednimas, dispuesto para el primer trimestre del 2024, a trav\u00e9s de la Resoluci\u00f3n 2\/2024 publicada en el Bolet\u00edn Oficial. La normativa recuerda que a finales de febrero, \u201clas representaciones sectoriales de trabajadoras y trabajadores, empleadoras y empleadores y de los Ministerios y Secretar\u00edas integrantes de la Comisi\u00f3n Nacional de Trabajo para el Personal de&#8230;<\/p>\n","protected":false},"author":3,"featured_media":89188,"comment_status":"closed","ping_status":"closed","sticky":false,"template":"","format":"standard","meta":[],"categories":[2],"tags":[],"_links":{"self":[{"href":"https:\/\/www.actualidadadiario.com\/index.php\/wp-json\/wp\/v2\/posts\/114206"}],"collection":[{"href":"https:\/\/www.actualidadadiario.com\/index.php\/wp-json\/wp\/v2\/posts"}],"about":[{"href":"https:\/\/www.actualidadadiario.com\/index.php\/wp-json\/wp\/v2\/types\/post"}],"author":[{"embeddable":true,"href":"https:\/\/www.actualidadadiario.com\/index.php\/wp-json\/wp\/v2\/users\/3"}],"replies":[{"embeddable":true,"href":"https:\/\/www.actualidadadiario.com\/index.php\/wp-json\/wp\/v2\/comments?post=114206"}],"version-history":[{"count":1,"href":"https:\/\/www.actualidadadiario.com\/index.php\/wp-json\/wp\/v2\/posts\/114206\/revisions"}],"predecessor-version":[{"id":114207,"href":"https:\/\/www.actualidadadiario.com\/index.php\/wp-json\/wp\/v2\/posts\/114206\/revisions\/114207"}],"wp:featuredmedia":[{"embeddable":true,"href":"https:\/\/www.actualidadadiario.com\/index.php\/wp-json\/wp\/v2\/media\/89188"}],"wp:attachment":[{"href":"https:\/\/www.actualidadadiario.com\/index.php\/wp-json\/wp\/v2\/media?parent=114206"}],"wp:term":[{"taxonomy":"category","embeddable":true,"href":"https:\/\/www.actualidadadiario.com\/index.php\/wp-json\/wp\/v2\/categories?post=114206"},{"taxonomy":"post_tag","embeddable":true,"href":"https:\/\/www.actualidadadiario.com\/index.php\/wp-json\/wp\/v2\/tags?post=114206"}],"curies":[{"name":"wp","href":"https:\/\/api.w.org\/{rel}","templated":true}]}}