{"id":114193,"date":"2024-05-09T11:09:22","date_gmt":"2024-05-09T14:09:22","guid":{"rendered":"https:\/\/www.actualidadadiario.com\/?p=114193"},"modified":"2024-05-09T11:09:22","modified_gmt":"2024-05-09T14:09:22","slug":"frio-en-entre-rios-se-registraron-minimas-de-hasta-2c","status":"publish","type":"post","link":"https:\/\/www.actualidadadiario.com\/index.php\/2024\/05\/09\/frio-en-entre-rios-se-registraron-minimas-de-hasta-2c\/","title":{"rendered":"Fr\u00edo en Entre R\u00edos: se registraron m\u00ednimas de hasta 2\u00b0C"},"content":{"rendered":"<p style=\"text-align: center;\"><em><strong>Este jueves lleg\u00f3 el fr\u00edo intenso a Entre R\u00edos, tal como estaba pronosticado. Pronostican una jornada con sol, pero tambi\u00e9n con algunas nubes<\/strong><\/em><\/p>\n<p>&nbsp;<\/p>\n<p>&nbsp;<\/p>\n<p>El Servicio Meteorol\u00f3gico Nacional -SMN- confirma en sus registros que el fr\u00edo lleg\u00f3 este jueves a Entre R\u00edos, con temperaturas m\u00ednimas que oscilan entre los 2 y 6 grados. Se prev\u00e9 para hoy una jornada con buen tiempo y leve nubosidad en la provincia.<\/p>\n<p>Seg\u00fan se indica, las temperaturas m\u00e1ximas para este jueves trepar\u00e1n hasta los 17 grados. El cielo estar\u00e1 parcialmente nublado, aunque no se descarta que, hacia la noche y de cara a este viernes, aumente el nivel de nubosidad.<\/p>\n<p>De acuerdo al pron\u00f3stico extendido, no hay nuevos anuncios de precipitaciones para los pr\u00f3ximos d\u00edas. Se anticipa para la semana pr\u00f3xima otro fuerte descenso de temperaturas.<\/p>\n<p>&nbsp;<\/p>\n<p><strong>Pron\u00f3stico para este jueves <\/strong><\/p>\n<p>En Paran\u00e1, La Paz, Diamante, Nogoy\u00e1 y Villaguay se pronostica una jornada con cielo parcialmente nublado. La m\u00ednima ser\u00e1 de 5 grados y la m\u00e1xima de 17.<\/p>\n<p>En Concordia, Federal, Federaci\u00f3n, Feliciano y San Salvador tendr\u00e1n una m\u00ednima ser\u00e1 de 6 grados y la m\u00e1xima de 17. La jornada comenzar\u00e1 con cielo parcialmente nublado y continuar\u00e1 luego mayormente nublado.<\/p>\n<p>En Col\u00f3n, Gualeguaych\u00fa, Concepci\u00f3n del Uruguay, Islas y Tala comenzaron con una temperatura m\u00ednima de 5 grados y la m\u00e1xima trepar\u00e1 a 17. El d\u00eda estar\u00e1 despejado de ma\u00f1ana, parcialmente nublado de tarde y mayormente nublado de noche.<\/p>\n<p>En Victoria y Gualeguay se registr\u00f3 una m\u00ednima ser\u00e1 de 2 grados y la m\u00e1xima ser\u00e1 de 17. Se espera una jornada entre despejada y algo nublada.<\/p>\n","protected":false},"excerpt":{"rendered":"<p>Este jueves lleg\u00f3 el fr\u00edo intenso a Entre R\u00edos, tal como estaba pronosticado. Pronostican una jornada con sol, pero tambi\u00e9n con algunas nubes &nbsp; &nbsp; El Servicio Meteorol\u00f3gico Nacional -SMN- confirma en sus registros que el fr\u00edo lleg\u00f3 este jueves a Entre R\u00edos, con temperaturas m\u00ednimas que oscilan entre los 2 y 6 grados. Se prev\u00e9 para hoy una jornada con buen tiempo y leve nubosidad en la provincia. Seg\u00fan se indica, las temperaturas m\u00e1ximas para este jueves trepar\u00e1n hasta los 17 grados. El cielo estar\u00e1 parcialmente nublado, aunque no&#8230;<\/p>\n","protected":false},"author":3,"featured_media":105395,"comment_status":"closed","ping_status":"closed","sticky":false,"template":"","format":"standard","meta":[],"categories":[15],"tags":[],"_links":{"self":[{"href":"https:\/\/www.actualidadadiario.com\/index.php\/wp-json\/wp\/v2\/posts\/114193"}],"collection":[{"href":"https:\/\/www.actualidadadiario.com\/index.php\/wp-json\/wp\/v2\/posts"}],"about":[{"href":"https:\/\/www.actualidadadiario.com\/index.php\/wp-json\/wp\/v2\/types\/post"}],"author":[{"embeddable":true,"href":"https:\/\/www.actualidadadiario.com\/index.php\/wp-json\/wp\/v2\/users\/3"}],"replies":[{"embeddable":true,"href":"https:\/\/www.actualidadadiario.com\/index.php\/wp-json\/wp\/v2\/comments?post=114193"}],"version-history":[{"count":1,"href":"https:\/\/www.actualidadadiario.com\/index.php\/wp-json\/wp\/v2\/posts\/114193\/revisions"}],"predecessor-version":[{"id":114194,"href":"https:\/\/www.actualidadadiario.com\/index.php\/wp-json\/wp\/v2\/posts\/114193\/revisions\/114194"}],"wp:featuredmedia":[{"embeddable":true,"href":"https:\/\/www.actualidadadiario.com\/index.php\/wp-json\/wp\/v2\/media\/105395"}],"wp:attachment":[{"href":"https:\/\/www.actualidadadiario.com\/index.php\/wp-json\/wp\/v2\/media?parent=114193"}],"wp:term":[{"taxonomy":"category","embeddable":true,"href":"https:\/\/www.actualidadadiario.com\/index.php\/wp-json\/wp\/v2\/categories?post=114193"},{"taxonomy":"post_tag","embeddable":true,"href":"https:\/\/www.actualidadadiario.com\/index.php\/wp-json\/wp\/v2\/tags?post=114193"}],"curies":[{"name":"wp","href":"https:\/\/api.w.org\/{rel}","templated":true}]}}