{"id":114185,"date":"2024-05-09T11:06:14","date_gmt":"2024-05-09T14:06:14","guid":{"rendered":"https:\/\/www.actualidadadiario.com\/?p=114185"},"modified":"2024-05-09T11:06:14","modified_gmt":"2024-05-09T14:06:14","slug":"el-gobernador-insistio-en-lograr-calidad-de-gestion-en-la-reunion-de-gabinete-conjunto-en-villaguay","status":"publish","type":"post","link":"https:\/\/www.actualidadadiario.com\/index.php\/2024\/05\/09\/el-gobernador-insistio-en-lograr-calidad-de-gestion-en-la-reunion-de-gabinete-conjunto-en-villaguay\/","title":{"rendered":"El gobernador insisti\u00f3 en lograr calidad de gesti\u00f3n, en la reuni\u00f3n de gabinete conjunto en Villaguay"},"content":{"rendered":"<p style=\"text-align: center;\"><em><strong>Rogelio Frigerio inst\u00f3 a sus ministros y al intendente Adri\u00e1n Fuertes y concejales a implementar las pol\u00edticas que necesita la sociedad. &#8220;Hay muchas cosas que, independientemente de la falta de recursos, se pueden hacer&#8221;, proclam\u00f3, al llamar al trabajo en equipo<\/strong><\/em><\/p>\n<p>&nbsp;<\/p>\n<p>&nbsp;<\/p>\n<p>El titular del Poder Ejecutivo entrerriano dio su mensaje en la reuni\u00f3n de gabinete conjunto, que tuvo lugar esta tarde de mi\u00e9rcoles, en el Centro de Convenciones Papa Francisco de la ciudad mediterr\u00e1nea. All\u00ed, enfatiz\u00f3 en resolver muchos problemas &#8220;apelando al sentido com\u00fan, al compromiso y a la vocaci\u00f3n de servicio&#8221;.<\/p>\n<p>Frigerio subray\u00f3 que &#8220;hay muchas cosas que, independientemente de la falta de recursos, se pueden hacer y esta reuni\u00f3n tiene que ver con eso&#8221;, al tiempo que anim\u00f3: &#8220;no nos podemos quedar cruzados de brazos&#8221;.<\/p>\n<p>Como ejemplo, refiri\u00f3 a los pr\u00e9stamos de la emergencia de la cat\u00e1strofe clim\u00e1tica de los \u00faltimos dos a\u00f1os de la sequ\u00eda: &#8220;La plata estaba en una cuenta que se estaba depreciando todos los meses porque, adem\u00e1s, no se pod\u00eda tocar. Gestionando, pudimos empezar a destrabarla&#8221;, dijo, agregando que &#8220;es el t\u00edpico ejemplo de lo que puede hacer la eficiencia en la gesti\u00f3n, a\u00fan sin recursos, y despu\u00e9s prepararnos tambi\u00e9n&#8221;.<\/p>\n<p>&#8220;Tenemos una crisis sin precedentes, econ\u00f3mica y social. Ustedes lo sufren de manera directa e indirecta. El nivel de ca\u00edda de la recaudaci\u00f3n no tiene parang\u00f3n&#8221;, indic\u00f3 y record\u00f3 que las autoridades de Hacienda y Finanzas de la provincia le confirmaron que &#8220;no encuentran antecedente hist\u00f3rico de la ca\u00edda en el nivel de recursos de Entre R\u00edos&#8221;, a lo que se suma un nivel de endeudamiento &#8220;alto para los recursos que tenemos&#8221; y que en agosto opera un nuevo vencimiento del pr\u00e9stamo internacional en d\u00f3lares al que accedieron la provincia y algunos municipios.<\/p>\n<p>&#8220;Debemos tener la responsabilidad de saber que, si no los reestructuramos, tenemos que juntar la plata para pagar&#8221;, avis\u00f3.<\/p>\n<p>&nbsp;<\/p>\n<p><strong>Recursos<\/strong><\/p>\n<p>No obstante, el mandatario entrerriano tambi\u00e9n reiter\u00f3 su optimismo. &#8220;Quiero creer que, en el mediano plazo, le encontraremos un piso a esta situaci\u00f3n y la econom\u00eda empezar\u00e1 a revertir esta tendencia declinante. No s\u00e9 con qu\u00e9 pendiente, pero volveremos a crecer y a recuperar los recursos&#8221;.<\/p>\n<p>A prop\u00f3sito, dijo a qu\u00e9 apelar: &#8220;Tenemos por delante tambi\u00e9n un desaf\u00edo, que es la reforma fiscal. No es un tema menor, son muchos miles de millones de pesos para la provincia que no podemos dejarlos pasar. Estamos desesperados por recursos y ac\u00e1 hay una fuente de muchos recursos a mano para obtenerlos&#8221;.<\/p>\n<p>&#8220;Tambi\u00e9n estamos detr\u00e1s del financiamiento internacional, de la posibilidad de obtener fondos de cooperaci\u00f3n&#8221;, prosigui\u00f3.<\/p>\n<p>En el cierre, exclam\u00f3 ante los participantes: &#8220;Esta reuni\u00f3n tiene mucho que ver con eso. La confianza entre los actores de la pol\u00edtica, entre los funcionarios, el di\u00e1logo, el trabajo en conjunto, estar hombro con hombro y espalda con espalda -en una situaci\u00f3n dif\u00edcil como esta-, favorecen la posibilidad de tener \u00e9xito en la gesti\u00f3n&#8221;.<\/p>\n<p>&nbsp;<\/p>\n<p><strong>En unidad<\/strong><\/p>\n<p>Por su parte el intendente de Villaguay, Adri\u00e1n Fuertes, agradeci\u00f3 al gabinete provincial\u00a0\u00a0 y destac\u00f3 la relaci\u00f3n de &#8220;di\u00e1logo fecundo&#8221; que han construido en momentos dif\u00edciles. &#8220;Creo que la gente espera eso de nosotros: actuar con responsabilidad, con sentido com\u00fan y priorizar las cosas que nos unen&#8221;, expres\u00f3.<\/p>\n<p>En el c\u00f3nclave tambi\u00e9n estuvieron la vicegobernadora Alicia Aluani, los ministros de Desarrollo Humano, Ver\u00f3nica Berisso; de Seguridad y Justicia, N\u00e9stor Roncaglia; de Planeamiento, Infraestructura y Servicios, Dar\u00edo Schneider; y de Desarrollo Econ\u00f3mico, Guillermo Bernaudo. Tambi\u00e9n los secretarios de Legal y T\u00e9cnica, Esteban Vitor; de Comunicaci\u00f3n y Prensa, Sergio Kneeteman; y la directora del Consejo General de Educaci\u00f3n, Alicia Fregonese.<\/p>\n","protected":false},"excerpt":{"rendered":"<p>Rogelio Frigerio inst\u00f3 a sus ministros y al intendente Adri\u00e1n Fuertes y concejales a implementar las pol\u00edticas que necesita la sociedad. &#8220;Hay muchas cosas que, independientemente de la falta de recursos, se pueden hacer&#8221;, proclam\u00f3, al llamar al trabajo en equipo &nbsp; &nbsp; El titular del Poder Ejecutivo entrerriano dio su mensaje en la reuni\u00f3n de gabinete conjunto, que tuvo lugar esta tarde de mi\u00e9rcoles, en el Centro de Convenciones Papa Francisco de la ciudad mediterr\u00e1nea. All\u00ed, enfatiz\u00f3 en resolver muchos problemas &#8220;apelando al sentido com\u00fan, al compromiso y a&#8230;<\/p>\n","protected":false},"author":3,"featured_media":114186,"comment_status":"closed","ping_status":"closed","sticky":false,"template":"","format":"standard","meta":[],"categories":[15],"tags":[],"_links":{"self":[{"href":"https:\/\/www.actualidadadiario.com\/index.php\/wp-json\/wp\/v2\/posts\/114185"}],"collection":[{"href":"https:\/\/www.actualidadadiario.com\/index.php\/wp-json\/wp\/v2\/posts"}],"about":[{"href":"https:\/\/www.actualidadadiario.com\/index.php\/wp-json\/wp\/v2\/types\/post"}],"author":[{"embeddable":true,"href":"https:\/\/www.actualidadadiario.com\/index.php\/wp-json\/wp\/v2\/users\/3"}],"replies":[{"embeddable":true,"href":"https:\/\/www.actualidadadiario.com\/index.php\/wp-json\/wp\/v2\/comments?post=114185"}],"version-history":[{"count":1,"href":"https:\/\/www.actualidadadiario.com\/index.php\/wp-json\/wp\/v2\/posts\/114185\/revisions"}],"predecessor-version":[{"id":114187,"href":"https:\/\/www.actualidadadiario.com\/index.php\/wp-json\/wp\/v2\/posts\/114185\/revisions\/114187"}],"wp:featuredmedia":[{"embeddable":true,"href":"https:\/\/www.actualidadadiario.com\/index.php\/wp-json\/wp\/v2\/media\/114186"}],"wp:attachment":[{"href":"https:\/\/www.actualidadadiario.com\/index.php\/wp-json\/wp\/v2\/media?parent=114185"}],"wp:term":[{"taxonomy":"category","embeddable":true,"href":"https:\/\/www.actualidadadiario.com\/index.php\/wp-json\/wp\/v2\/categories?post=114185"},{"taxonomy":"post_tag","embeddable":true,"href":"https:\/\/www.actualidadadiario.com\/index.php\/wp-json\/wp\/v2\/tags?post=114185"}],"curies":[{"name":"wp","href":"https:\/\/api.w.org\/{rel}","templated":true}]}}