{"id":114180,"date":"2024-05-09T11:04:03","date_gmt":"2024-05-09T14:04:03","guid":{"rendered":"https:\/\/www.actualidadadiario.com\/?p=114180"},"modified":"2024-05-09T11:04:03","modified_gmt":"2024-05-09T14:04:03","slug":"el-gobierno-provincial-no-descontara-el-dia-a-los-trabajadores-que-se-adhieran-al-paro","status":"publish","type":"post","link":"https:\/\/www.actualidadadiario.com\/index.php\/2024\/05\/09\/el-gobierno-provincial-no-descontara-el-dia-a-los-trabajadores-que-se-adhieran-al-paro\/","title":{"rendered":"El Gobierno provincial no descontar\u00e1 el d\u00eda a los trabajadores que se adhieran al paro"},"content":{"rendered":"<p style=\"text-align: center;\"><em><strong>Lo confirm\u00f3 el ministro de Gobierno y Trabajo as\u00ed como tambi\u00e9n aseguro el funcionamiento de servicios indispensables \u00b7 \u201cSomos muy respetuosos de la voluntad gremial de los movimientos organizados y es por ello cada uno es libre de participar\u201d, se\u00f1al\u00f3<\/strong><\/em><\/p>\n<p>&nbsp;<\/p>\n<p>&nbsp;<\/p>\n<p>Este jueves 9 de mayo a las 0 horas inicia el paro general impulsado por la CGT y ambas CTA, al que adhirieron diferentes gremios. Es por esta raz\u00f3n que trabajadores de la provincia se sumar\u00e1n a la medida de fuerza.<\/p>\n<p>Ante este panorama el ministro de Gobierno y Trabajo, Manuel Troncoso brind\u00f3 precisiones sobre la postura del gobierno ante el paro. En primer lugar, aclar\u00f3 que \u201cno promovemos el no trabajo, desde el equipo estamos alrededor de 15 horas por d\u00eda trabajando para ponerle el cuerpo en este momento angustiante. De todos modos, es cierto que somos muy respetuosos de la voluntad gremial de los movimientos organizados y es por ello cada uno es libre de participar\u201d, expres\u00f3.<\/p>\n<p>Y aclar\u00f3 \u201cse decidi\u00f3 que no se descontar\u00e1 el d\u00eda de paro a los trabajadores que adhieran a la medida convocada por la CGT\u201d.<\/p>\n<p>Asimismo, destac\u00f3 que los servicios indispensables estar\u00e1n garantizados. \u201cLos gremios entienden esta situaci\u00f3n y son muy receptivos en estos pedidos, que llevan a cabo con responsabilidad\u201d, ampli\u00f3.<\/p>\n","protected":false},"excerpt":{"rendered":"<p>Lo confirm\u00f3 el ministro de Gobierno y Trabajo as\u00ed como tambi\u00e9n aseguro el funcionamiento de servicios indispensables \u00b7 \u201cSomos muy respetuosos de la voluntad gremial de los movimientos organizados y es por ello cada uno es libre de participar\u201d, se\u00f1al\u00f3 &nbsp; &nbsp; Este jueves 9 de mayo a las 0 horas inicia el paro general impulsado por la CGT y ambas CTA, al que adhirieron diferentes gremios. Es por esta raz\u00f3n que trabajadores de la provincia se sumar\u00e1n a la medida de fuerza. Ante este panorama el ministro de Gobierno&#8230;<\/p>\n","protected":false},"author":3,"featured_media":90842,"comment_status":"closed","ping_status":"closed","sticky":false,"template":"","format":"standard","meta":[],"categories":[9],"tags":[],"_links":{"self":[{"href":"https:\/\/www.actualidadadiario.com\/index.php\/wp-json\/wp\/v2\/posts\/114180"}],"collection":[{"href":"https:\/\/www.actualidadadiario.com\/index.php\/wp-json\/wp\/v2\/posts"}],"about":[{"href":"https:\/\/www.actualidadadiario.com\/index.php\/wp-json\/wp\/v2\/types\/post"}],"author":[{"embeddable":true,"href":"https:\/\/www.actualidadadiario.com\/index.php\/wp-json\/wp\/v2\/users\/3"}],"replies":[{"embeddable":true,"href":"https:\/\/www.actualidadadiario.com\/index.php\/wp-json\/wp\/v2\/comments?post=114180"}],"version-history":[{"count":1,"href":"https:\/\/www.actualidadadiario.com\/index.php\/wp-json\/wp\/v2\/posts\/114180\/revisions"}],"predecessor-version":[{"id":114181,"href":"https:\/\/www.actualidadadiario.com\/index.php\/wp-json\/wp\/v2\/posts\/114180\/revisions\/114181"}],"wp:featuredmedia":[{"embeddable":true,"href":"https:\/\/www.actualidadadiario.com\/index.php\/wp-json\/wp\/v2\/media\/90842"}],"wp:attachment":[{"href":"https:\/\/www.actualidadadiario.com\/index.php\/wp-json\/wp\/v2\/media?parent=114180"}],"wp:term":[{"taxonomy":"category","embeddable":true,"href":"https:\/\/www.actualidadadiario.com\/index.php\/wp-json\/wp\/v2\/categories?post=114180"},{"taxonomy":"post_tag","embeddable":true,"href":"https:\/\/www.actualidadadiario.com\/index.php\/wp-json\/wp\/v2\/tags?post=114180"}],"curies":[{"name":"wp","href":"https:\/\/api.w.org\/{rel}","templated":true}]}}