{"id":114177,"date":"2024-05-09T11:03:29","date_gmt":"2024-05-09T14:03:29","guid":{"rendered":"https:\/\/www.actualidadadiario.com\/?p=114177"},"modified":"2024-05-09T11:03:29","modified_gmt":"2024-05-09T14:03:29","slug":"casi-150-concordienses-abandonaron-sus-hogares-por-la-crecida-del-rio-uruguay","status":"publish","type":"post","link":"https:\/\/www.actualidadadiario.com\/index.php\/2024\/05\/09\/casi-150-concordienses-abandonaron-sus-hogares-por-la-crecida-del-rio-uruguay\/","title":{"rendered":"Casi 150 concordienses abandonaron sus hogares por la crecida del R\u00edo Uruguay"},"content":{"rendered":"<p style=\"text-align: center;\"><em><strong>El intendente de Concordia, Francisco Azcu\u00e9, inform\u00f3 que hasta este mi\u00e9rcoles 8 de mayo se evacuaron 43 familias, que hacen un total de 146 personas. 76 fueron trasladadas a domicilios particulares y 70 a Centros de Evacuados<\/strong><\/em><\/p>\n<p>&nbsp;<\/p>\n<p>&nbsp;<\/p>\n<p>El intendente Francisco Azcu\u00e9 encabez\u00f3 en la jornada de este mi\u00e9rcoles una reuni\u00f3n reducida del Centro de Operaciones de Emergencias en donde se analizaron las distintas medidas que se est\u00e1n tomando relacionadas al cuidado y atenci\u00f3n sanitaria de las personas que han sido evacuadas hasta el momento.<\/p>\n<p>Del encuentro formaron parte integrantes de la Secretar\u00eda de Salud de la Municipalidad como as\u00ed tambi\u00e9n integrantes de las Fuerzas Armadas, de Seguridad y Bomberos Voluntarios.<\/p>\n<p>Adem\u00e1s el Presidente Municipal recorri\u00f3 diversos sectores en los que el agua ha ido avanzando con el correr de los d\u00edas, dialogando con los vecinos y remarcando la necesidad de realizar las actuaciones sin agua en el interior de las viviendas.<\/p>\n<p>En ese sentido se recuerda que aquellas personas que requieran asistencia, deben comunicarse al n\u00famero, gratuito, 103.<\/p>\n<p>&nbsp;<\/p>\n<p><strong>Evacuaciones<\/strong><\/p>\n<p>El operativo de evacuaciones continu\u00f3 desarroll\u00e1ndose tal cual lo previsto, en un trabajo conjunto entre las distintas \u00e1reas de la Municipalidad de Concordia, Fuerzas Armadas, de Seguridad, Bomberos Voluntarios y entidades intermedias.<\/p>\n<p>En lo que respecta a evacuaciones, el intendente Azcu\u00e9 inform\u00f3 que hasta este mi\u00e9rcoles 8 de mayo se han evacuado un total de 43 familias, que hacen un total de 146 personas, entre mayores y menores.<\/p>\n<p>Del total de familias evacuadas, 24 de ellas, integradas por 47 mayores y 29 menores, fueron trasladadas a domicilios particulares.<\/p>\n<p>Hay tres familias, seis adultos y seis menores, alojadas en el Centro de Evacuados &#8220;El Refugio&#8221; de\u00a0 Carretera La Cruz<\/p>\n<p>En las instalaciones del Regimiento fueron alojadas 16 familias, 31 mayores y 27 menores.<\/p>\n<p>Hasta el d\u00eda de la fecha, 76 personas fueron trasladadas a domicilios particulares y 70 a Centros de Evacuados.<\/p>\n","protected":false},"excerpt":{"rendered":"<p>El intendente de Concordia, Francisco Azcu\u00e9, inform\u00f3 que hasta este mi\u00e9rcoles 8 de mayo se evacuaron 43 familias, que hacen un total de 146 personas. 76 fueron trasladadas a domicilios particulares y 70 a Centros de Evacuados &nbsp; &nbsp; El intendente Francisco Azcu\u00e9 encabez\u00f3 en la jornada de este mi\u00e9rcoles una reuni\u00f3n reducida del Centro de Operaciones de Emergencias en donde se analizaron las distintas medidas que se est\u00e1n tomando relacionadas al cuidado y atenci\u00f3n sanitaria de las personas que han sido evacuadas hasta el momento. Del encuentro formaron parte&#8230;<\/p>\n","protected":false},"author":3,"featured_media":114178,"comment_status":"closed","ping_status":"closed","sticky":false,"template":"","format":"standard","meta":[],"categories":[9],"tags":[],"_links":{"self":[{"href":"https:\/\/www.actualidadadiario.com\/index.php\/wp-json\/wp\/v2\/posts\/114177"}],"collection":[{"href":"https:\/\/www.actualidadadiario.com\/index.php\/wp-json\/wp\/v2\/posts"}],"about":[{"href":"https:\/\/www.actualidadadiario.com\/index.php\/wp-json\/wp\/v2\/types\/post"}],"author":[{"embeddable":true,"href":"https:\/\/www.actualidadadiario.com\/index.php\/wp-json\/wp\/v2\/users\/3"}],"replies":[{"embeddable":true,"href":"https:\/\/www.actualidadadiario.com\/index.php\/wp-json\/wp\/v2\/comments?post=114177"}],"version-history":[{"count":1,"href":"https:\/\/www.actualidadadiario.com\/index.php\/wp-json\/wp\/v2\/posts\/114177\/revisions"}],"predecessor-version":[{"id":114179,"href":"https:\/\/www.actualidadadiario.com\/index.php\/wp-json\/wp\/v2\/posts\/114177\/revisions\/114179"}],"wp:featuredmedia":[{"embeddable":true,"href":"https:\/\/www.actualidadadiario.com\/index.php\/wp-json\/wp\/v2\/media\/114178"}],"wp:attachment":[{"href":"https:\/\/www.actualidadadiario.com\/index.php\/wp-json\/wp\/v2\/media?parent=114177"}],"wp:term":[{"taxonomy":"category","embeddable":true,"href":"https:\/\/www.actualidadadiario.com\/index.php\/wp-json\/wp\/v2\/categories?post=114177"},{"taxonomy":"post_tag","embeddable":true,"href":"https:\/\/www.actualidadadiario.com\/index.php\/wp-json\/wp\/v2\/tags?post=114177"}],"curies":[{"name":"wp","href":"https:\/\/api.w.org\/{rel}","templated":true}]}}