{"id":113084,"date":"2024-01-12T16:18:26","date_gmt":"2024-01-12T19:18:26","guid":{"rendered":"https:\/\/www.actualidadadiario.com\/?p=113084"},"modified":"2024-01-12T16:18:26","modified_gmt":"2024-01-12T19:18:26","slug":"la-onu-advirtio-que-la-politica-de-seguridad-de-ecuador-debe-ser-proporcional-y-respetar-los-ddhh","status":"publish","type":"post","link":"https:\/\/www.actualidadadiario.com\/index.php\/2024\/01\/12\/la-onu-advirtio-que-la-politica-de-seguridad-de-ecuador-debe-ser-proporcional-y-respetar-los-ddhh\/","title":{"rendered":"La ONU advirti\u00f3 que la pol\u00edtica de seguridad de Ecuador debe ser &#8220;proporcional&#8221; y respetar los DDHH"},"content":{"rendered":"<p style=\"text-align: center;\"><em><strong>Naciones Unidas est\u00e1 siguiendo &#8220;de cerca&#8221; la situaci\u00f3n y est\u00e1 al tanto de los &#8220;enormes desaf\u00edos&#8221; que enfrenta el pa\u00eds. El organismo se\u00f1al\u00f3 que cualquier restricci\u00f3n de libertades debe atenerse a los &#8220;principios de legalidad, necesidad, proporcionalidad y no discriminaci\u00f3n&#8221;<\/strong><\/em><\/p>\n<p>&nbsp;<\/p>\n<p>&nbsp;<\/p>\n<p>La oficina de la ONU para los Derechos Humanos advirti\u00f3 este viernes que cualquier restricci\u00f3n de libertades en Ecuador debe atenerse a los &#8220;principios de legalidad, necesidad, proporcionalidad y no discriminaci\u00f3n&#8221;, de manera que las medidas de emergencia dictadas por el presidente Daniel Noboa se &#8220;limiten&#8221; a contener la escalada de violencia de grupos criminales.<\/p>\n<p>As\u00ed lo advirti\u00f3 la vocera del organismo, Liz Throssell, quien asegur\u00f3 que Naciones Unidas est\u00e1 siguiendo &#8220;de cerca&#8221; la situaci\u00f3n y est\u00e1 al tanto de los &#8220;enormes desaf\u00edos&#8221; que enfrenta el pa\u00eds en materia de seguridad, inform\u00f3 la agencia de noticias Europa Press.<\/p>\n<p>El martes, Noboa decret\u00f3 que las m\u00e1s de 20 bandas criminales que operan en el pa\u00eds son &#8220;terroristas&#8221; y que Ecuador enfrenta un &#8220;conflicto armado interno&#8221;, lo que le permiti\u00f3 movilizar a la totalidad de las fuerzas armadas para combatirlas.<\/p>\n<p>&#8220;Los poderes concedidos a las Fuerzas Armadas para tareas de seguridad p\u00fablica deben ser excepcionales, limitados en el tiempo y quedar subordinados a autoridades civiles&#8221;, advirti\u00f3 Throssell, en un mensaje en el que inst\u00f3 a las autoridades a circunscribir cualquier actuaci\u00f3n al derecho internacional.<\/p>\n<p>&#8220;Esto tambi\u00e9n es crucial para mantener la confianza de la poblaci\u00f3n y la cohesi\u00f3n social&#8221;, agreg\u00f3.<\/p>\n<p>En este sentido, la vocera se\u00f1al\u00f3 que el respeto a &#8220;los derechos humanos debe estar en el centro de todas las pol\u00edticas para hacer frente a la violencia&#8221; y que tambi\u00e9n deben atajarse las causas que subyacen al problema tras el repunte m\u00e1s reciente de inseguridad.<\/p>\n<p>Adem\u00e1s, Throssell dijo que espera que las investigaciones abiertas por la Fiscal\u00eda sobre los \u00faltimos incidentes se desarrollen de manera &#8220;r\u00e1pida, transparente, completa e independiente&#8221;.<\/p>\n<p>En los \u00faltimos d\u00edas, al menos 14 personas fueron asesinadas y unas 178 secuestradas en siete c\u00e1rceles.<\/p>\n<p>El agravamiento del cuadro empez\u00f3 el domingo, cuando uno de los capos narco m\u00e1s temidos, Adolfo Mac\u00edas, alias Fito, jefe de la principal banda criminal del pa\u00eds, Los Choneros, desapareci\u00f3 de su prisi\u00f3n en Guayaquil. A ello le sigui\u00f3 una arremetida violenta, con motines en las c\u00e1rceles, polic\u00edas secuestrados, ataques con explosivos y veh\u00edculos incendiados.<\/p>\n<p>Al d\u00eda siguiente se escap\u00f3 tambi\u00e9n Fabricio Col\u00f3n Pico, l\u00edder de Los Lobos, quien el jueves prometi\u00f3 entregarse si Noboa garantizaba su vida.<\/p>\n<p>El jueves, el Gobierno manten\u00eda la dura ofensiva militar sobre las m\u00e1s de 20 bandas criminales presentes en el pa\u00eds y parec\u00eda recuperar cierta calma en las calles, pero no consegu\u00eda pacificar las c\u00e1rceles, al punto que el n\u00famero de secuestrados en los penales aument\u00f3.<\/p>\n<p>Aunque la actividad se reanud\u00f3 parcialmente en las principales ciudades, muchos comercios se manten\u00edan cerrados, el transporte p\u00fablico circulaba con menor frecuencia de la habitual, universidades y escuelas daban clases de manera virtual y primaba el teletrabajo.<\/p>\n<p>En medio de la revuelta, el Gobierno present\u00f3 el jueves el dise\u00f1o que tendr\u00e1n los nuevos penales que van a construir, algo que ya hab\u00eda sido anunciado y que responde al modelo de El Salvador del presidente Nayib Bukele, cuya pol\u00edtica de seguridad para combatir a las pandillas fue elogiada por Noboa en algunas entrevistas.<\/p>\n","protected":false},"excerpt":{"rendered":"<p>Naciones Unidas est\u00e1 siguiendo &#8220;de cerca&#8221; la situaci\u00f3n y est\u00e1 al tanto de los &#8220;enormes desaf\u00edos&#8221; que enfrenta el pa\u00eds. El organismo se\u00f1al\u00f3 que cualquier restricci\u00f3n de libertades debe atenerse a los &#8220;principios de legalidad, necesidad, proporcionalidad y no discriminaci\u00f3n&#8221; &nbsp; &nbsp; La oficina de la ONU para los Derechos Humanos advirti\u00f3 este viernes que cualquier restricci\u00f3n de libertades en Ecuador debe atenerse a los &#8220;principios de legalidad, necesidad, proporcionalidad y no discriminaci\u00f3n&#8221;, de manera que las medidas de emergencia dictadas por el presidente Daniel Noboa se &#8220;limiten&#8221; a contener&#8230;<\/p>\n","protected":false},"author":3,"featured_media":113085,"comment_status":"closed","ping_status":"closed","sticky":false,"template":"","format":"standard","meta":[],"categories":[4],"tags":[],"_links":{"self":[{"href":"https:\/\/www.actualidadadiario.com\/index.php\/wp-json\/wp\/v2\/posts\/113084"}],"collection":[{"href":"https:\/\/www.actualidadadiario.com\/index.php\/wp-json\/wp\/v2\/posts"}],"about":[{"href":"https:\/\/www.actualidadadiario.com\/index.php\/wp-json\/wp\/v2\/types\/post"}],"author":[{"embeddable":true,"href":"https:\/\/www.actualidadadiario.com\/index.php\/wp-json\/wp\/v2\/users\/3"}],"replies":[{"embeddable":true,"href":"https:\/\/www.actualidadadiario.com\/index.php\/wp-json\/wp\/v2\/comments?post=113084"}],"version-history":[{"count":1,"href":"https:\/\/www.actualidadadiario.com\/index.php\/wp-json\/wp\/v2\/posts\/113084\/revisions"}],"predecessor-version":[{"id":113086,"href":"https:\/\/www.actualidadadiario.com\/index.php\/wp-json\/wp\/v2\/posts\/113084\/revisions\/113086"}],"wp:featuredmedia":[{"embeddable":true,"href":"https:\/\/www.actualidadadiario.com\/index.php\/wp-json\/wp\/v2\/media\/113085"}],"wp:attachment":[{"href":"https:\/\/www.actualidadadiario.com\/index.php\/wp-json\/wp\/v2\/media?parent=113084"}],"wp:term":[{"taxonomy":"category","embeddable":true,"href":"https:\/\/www.actualidadadiario.com\/index.php\/wp-json\/wp\/v2\/categories?post=113084"},{"taxonomy":"post_tag","embeddable":true,"href":"https:\/\/www.actualidadadiario.com\/index.php\/wp-json\/wp\/v2\/tags?post=113084"}],"curies":[{"name":"wp","href":"https:\/\/api.w.org\/{rel}","templated":true}]}}