{"id":113076,"date":"2024-01-12T16:03:20","date_gmt":"2024-01-12T19:03:20","guid":{"rendered":"https:\/\/www.actualidadadiario.com\/?p=113076"},"modified":"2024-01-12T16:03:20","modified_gmt":"2024-01-12T19:03:20","slug":"francos-y-caputo-analizaron-la-ley-bases-con-gobernadores-de-jxc","status":"publish","type":"post","link":"https:\/\/www.actualidadadiario.com\/index.php\/2024\/01\/12\/francos-y-caputo-analizaron-la-ley-bases-con-gobernadores-de-jxc\/","title":{"rendered":"Francos y Caputo analizaron la ley &#8220;Bases&#8221; con gobernadores de JxC"},"content":{"rendered":"<p style=\"text-align: center;\"><em><strong>Durante la reuni\u00f3n, se dialog\u00f3 sobre el tratamiento en el Congreso de la inicativa del Ejecutivo en sesiones extraordinarias. El Ministro del Interior asegur\u00f3 que los mandatarios provinciales &#8220;transmitieron algunas consideraciones vinculadas a las econom\u00edas regionales, que estamos analizando&#8221;<\/strong><\/em><\/p>\n<p>&nbsp;<\/p>\n<p>&nbsp;<\/p>\n<p>Los ministros del Interior, Guillermo Francos, y de Econom\u00eda, Luis Caputo, se reunieron en forma virtual con los gobernadores de Juntos por el Cambio (JxC) a fin de considerar aspectos del proyecto de ley de &#8220;Bases y Puntos de Partida para la Libertad de los Argentinos&#8221;, se inform\u00f3 oficialmente.<\/p>\n<p>La reuni\u00f3n comenz\u00f3 poco despu\u00e9s de las 11 con el objetivo de brindar informaci\u00f3n acerca de la marcha del proyecto de ley &#8220;Bases&#8221; que el Poder Ejecutivo envi\u00f3 al Congreso para que sea tratado en las sesiones extraordinarias que se extender\u00e1n hasta el 31 de enero.<\/p>\n<p>Participan de la reuni\u00f3n Rogelio Frigerio, de Entre R\u00edos; Ignacio Torres, de Chubut; Gustavo Vald\u00e9s, de Corrientes; Carlos Sadir, de Jujuy, Alfredo Cornejo, de Mendoza, Jorge Macri, de la Ciudad Aut\u00f3noma de Buenos Aires, Leandro Zdero, de Chaco, Marcelo Orrego, de San Juan, Claudio Poggi, de San Luis, y Maximiliano Pullaro, de Santa Fe.<\/p>\n<p>Los ministros del Interior y de Econom\u00eda dialogan con los gobernadores desde el Sal\u00f3n de los Escudos de la cartera pol\u00edtica, en la Casa Rosada.<\/p>\n<p>&#8220;La reuni\u00f3n form\u00f3 parte de los encuentros que encar\u00f3 el ministro Francos ni bien asumi\u00f3&#8221; y que consiste en mantener de forma &#8220;permanente un contacto con los mandatarios provinciales&#8221;, seg\u00fan indicaron fuentes oficiales.<\/p>\n<p>Francos, por su parte, al t\u00e9rmino del encuentro sostuvo en su cuenta de la red social X que &#8220;junto al ministro de Econom\u00eda @LuisCaputoAr mantuvimos una excelente reuni\u00f3n con 10 gobernadores provinciales, quienes manifestaron su apoyo a la Ley Bases&#8221;.<\/p>\n<p>&#8220;A su vez, transmitieron algunas consideraciones vinculadas a las econom\u00edas regionales, que estamos analizando&#8221;, se\u00f1al\u00f3 el ministro del Interior en su posteo.<\/p>\n","protected":false},"excerpt":{"rendered":"<p>Durante la reuni\u00f3n, se dialog\u00f3 sobre el tratamiento en el Congreso de la inicativa del Ejecutivo en sesiones extraordinarias. El Ministro del Interior asegur\u00f3 que los mandatarios provinciales &#8220;transmitieron algunas consideraciones vinculadas a las econom\u00edas regionales, que estamos analizando&#8221; &nbsp; &nbsp; Los ministros del Interior, Guillermo Francos, y de Econom\u00eda, Luis Caputo, se reunieron en forma virtual con los gobernadores de Juntos por el Cambio (JxC) a fin de considerar aspectos del proyecto de ley de &#8220;Bases y Puntos de Partida para la Libertad de los Argentinos&#8221;, se inform\u00f3 oficialmente&#8230;.<\/p>\n","protected":false},"author":3,"featured_media":113077,"comment_status":"closed","ping_status":"closed","sticky":false,"template":"","format":"standard","meta":[],"categories":[18],"tags":[],"_links":{"self":[{"href":"https:\/\/www.actualidadadiario.com\/index.php\/wp-json\/wp\/v2\/posts\/113076"}],"collection":[{"href":"https:\/\/www.actualidadadiario.com\/index.php\/wp-json\/wp\/v2\/posts"}],"about":[{"href":"https:\/\/www.actualidadadiario.com\/index.php\/wp-json\/wp\/v2\/types\/post"}],"author":[{"embeddable":true,"href":"https:\/\/www.actualidadadiario.com\/index.php\/wp-json\/wp\/v2\/users\/3"}],"replies":[{"embeddable":true,"href":"https:\/\/www.actualidadadiario.com\/index.php\/wp-json\/wp\/v2\/comments?post=113076"}],"version-history":[{"count":1,"href":"https:\/\/www.actualidadadiario.com\/index.php\/wp-json\/wp\/v2\/posts\/113076\/revisions"}],"predecessor-version":[{"id":113078,"href":"https:\/\/www.actualidadadiario.com\/index.php\/wp-json\/wp\/v2\/posts\/113076\/revisions\/113078"}],"wp:featuredmedia":[{"embeddable":true,"href":"https:\/\/www.actualidadadiario.com\/index.php\/wp-json\/wp\/v2\/media\/113077"}],"wp:attachment":[{"href":"https:\/\/www.actualidadadiario.com\/index.php\/wp-json\/wp\/v2\/media?parent=113076"}],"wp:term":[{"taxonomy":"category","embeddable":true,"href":"https:\/\/www.actualidadadiario.com\/index.php\/wp-json\/wp\/v2\/categories?post=113076"},{"taxonomy":"post_tag","embeddable":true,"href":"https:\/\/www.actualidadadiario.com\/index.php\/wp-json\/wp\/v2\/tags?post=113076"}],"curies":[{"name":"wp","href":"https:\/\/api.w.org\/{rel}","templated":true}]}}