{"id":113073,"date":"2024-01-12T16:01:45","date_gmt":"2024-01-12T19:01:45","guid":{"rendered":"https:\/\/www.actualidadadiario.com\/?p=113073"},"modified":"2024-01-12T16:01:45","modified_gmt":"2024-01-12T19:01:45","slug":"milei-viajara-a-davos-para-participar-del-foro-economico-mundial","status":"publish","type":"post","link":"https:\/\/www.actualidadadiario.com\/index.php\/2024\/01\/12\/milei-viajara-a-davos-para-participar-del-foro-economico-mundial\/","title":{"rendered":"Milei viajar\u00e1 a Davos para participar del Foro Econ\u00f3mico Mundial"},"content":{"rendered":"<p style=\"text-align: center;\"><em><strong>El Presidente volar\u00e1 a Suiza el pr\u00f3ximo lunes con una comitiva reducida. Tendr\u00e1 una intervenci\u00f3n en el Foro de 25 minutos durante el mi\u00e9rcoles<\/strong><\/em><\/p>\n<p>&nbsp;<\/p>\n<p>&nbsp;<\/p>\n<p>El presidente Javier Milei viajar\u00e1 a la ciudad de Davos, Suiza, para ser parte de la edici\u00f3n 2024 del Foro Econ\u00f3mico Mundial en busca de inversiones: ser\u00e1 su primer viaje internacional desde que lleg\u00f3 a la Presidencia.<\/p>\n<p>El vuelo fue confirmado por el vocero presidencial, Manuel Adorni, quien precis\u00f3 que Milei viajar\u00e1 el pr\u00f3ximo lunes 15 de enero, aunque no utilizar\u00e1 el avi\u00f3n oficial. &#8220;El Presidente viaja en un avi\u00f3n de l\u00ednea, y en este viaje particular a Davos era la opci\u00f3n m\u00e1s econ\u00f3mica&#8221;, explic\u00f3.<\/p>\n<p>&#8220;Estamos dispuestos a llevar adelante cualquier acci\u00f3n que implique reducir gastos y no tener erogaciones que no tengan absolutamente ning\u00fan sentido&#8221;, argument\u00f3 Adorni durante su habitual conferencia de prensa desde Casa Rosada, y remarc\u00f3 que &#8220;mientras haya m\u00e1s opciones siempre se va a elegir por la que sea menos perjudicial para las arcas p\u00fablicas&#8221;.<\/p>\n<p>Seg\u00fan detall\u00f3 Adorni, Milei viajar\u00e1 con una comitiva reducida al aeropuerto de Frankfurt, Alemania, en un vuelo estimado de 13 horas de duraci\u00f3n. El martes 16, a las 11:05, horario local, arribar\u00e1 y dos horas despu\u00e9s partir\u00e1 hacia el aeropuerto de Z\u00farich, Suiza, para luego dirigirse a la ciudad de Davos.<\/p>\n<p>El Presidente tendr\u00e1 su intervenci\u00f3n en el Foro Econ\u00f3mico Mundial el d\u00eda mi\u00e9rcoles a las 15:50 y durar\u00e1 25 minutos. Mientras que el viernes 19 de enero regresar\u00e1 al pa\u00eds.<\/p>\n<p>&nbsp;<\/p>\n<p><strong>Qui\u00e9nes lo acompa\u00f1ar\u00e1n<\/strong><\/p>\n<p>En principio, el viaje pactado para el pr\u00f3ximo lunes incluir\u00e1 una comitiva muy reducida, integrada por su hermana Karina Milei, secretaria general de la Presidencia, el jefe de Gabinete, Nicol\u00e1s Posse, los ministros Luis \u201cToto\u201d Caputo (Econom\u00eda) y Diana Mondino (Canciller), adem\u00e1s del designado embajador ante los Estados Unidos, Gerardo Werthein.<\/p>\n<p>El mandatario le delegar\u00e1 a sus ministros las reuniones bilaterales que tendr\u00e1n tanto Mondino como Caputo y Posse, tanto con el sector p\u00fablico y como con representantes empresarios.<\/p>\n<p>En tanto, pese a su promesa de visitar Israel y Estados Unidos como primeros destinos tras su asunci\u00f3n, la agenda internacional y local le restringieron estos viajes.<\/p>\n<p>&nbsp;<\/p>\n<p><strong>El Gobierno busca inversiones<\/strong><\/p>\n<p>Mientras que en el Congreso se debate el proyecto de reformas del Estado conocido como Ley \u00d3mnibus, Milei busca atraer inversiones en el pa\u00eds con su intervenci\u00f3n en el Foro.<\/p>\n<p>Con el Decreto de Necesidad y Urgencia (DNU) y el proyecto &#8220;Bases y Puntos de Partida Para la Libertad de los argentinos&#8221;, el Gobierno busca que &#8220;el Estado se retire de todo lo que puede influir en el sector privado y asuma un rol orientador&#8221;.<\/p>\n<p>Si bien hubo modificaciones en el proyecto, tales como la eliminaci\u00f3n del art\u00edculo sobre los piquetes, el Gobierno considera que la Ley \u00d3mnibus contiene los incentivos para el arribo de capitales externos.<\/p>\n","protected":false},"excerpt":{"rendered":"<p>El Presidente volar\u00e1 a Suiza el pr\u00f3ximo lunes con una comitiva reducida. Tendr\u00e1 una intervenci\u00f3n en el Foro de 25 minutos durante el mi\u00e9rcoles &nbsp; &nbsp; El presidente Javier Milei viajar\u00e1 a la ciudad de Davos, Suiza, para ser parte de la edici\u00f3n 2024 del Foro Econ\u00f3mico Mundial en busca de inversiones: ser\u00e1 su primer viaje internacional desde que lleg\u00f3 a la Presidencia. El vuelo fue confirmado por el vocero presidencial, Manuel Adorni, quien precis\u00f3 que Milei viajar\u00e1 el pr\u00f3ximo lunes 15 de enero, aunque no utilizar\u00e1 el avi\u00f3n oficial&#8230;.<\/p>\n","protected":false},"author":3,"featured_media":113074,"comment_status":"closed","ping_status":"closed","sticky":false,"template":"","format":"standard","meta":[],"categories":[18],"tags":[],"_links":{"self":[{"href":"https:\/\/www.actualidadadiario.com\/index.php\/wp-json\/wp\/v2\/posts\/113073"}],"collection":[{"href":"https:\/\/www.actualidadadiario.com\/index.php\/wp-json\/wp\/v2\/posts"}],"about":[{"href":"https:\/\/www.actualidadadiario.com\/index.php\/wp-json\/wp\/v2\/types\/post"}],"author":[{"embeddable":true,"href":"https:\/\/www.actualidadadiario.com\/index.php\/wp-json\/wp\/v2\/users\/3"}],"replies":[{"embeddable":true,"href":"https:\/\/www.actualidadadiario.com\/index.php\/wp-json\/wp\/v2\/comments?post=113073"}],"version-history":[{"count":1,"href":"https:\/\/www.actualidadadiario.com\/index.php\/wp-json\/wp\/v2\/posts\/113073\/revisions"}],"predecessor-version":[{"id":113075,"href":"https:\/\/www.actualidadadiario.com\/index.php\/wp-json\/wp\/v2\/posts\/113073\/revisions\/113075"}],"wp:featuredmedia":[{"embeddable":true,"href":"https:\/\/www.actualidadadiario.com\/index.php\/wp-json\/wp\/v2\/media\/113074"}],"wp:attachment":[{"href":"https:\/\/www.actualidadadiario.com\/index.php\/wp-json\/wp\/v2\/media?parent=113073"}],"wp:term":[{"taxonomy":"category","embeddable":true,"href":"https:\/\/www.actualidadadiario.com\/index.php\/wp-json\/wp\/v2\/categories?post=113073"},{"taxonomy":"post_tag","embeddable":true,"href":"https:\/\/www.actualidadadiario.com\/index.php\/wp-json\/wp\/v2\/tags?post=113073"}],"curies":[{"name":"wp","href":"https:\/\/api.w.org\/{rel}","templated":true}]}}