{"id":113062,"date":"2024-01-12T15:55:42","date_gmt":"2024-01-12T18:55:42","guid":{"rendered":"https:\/\/www.actualidadadiario.com\/?p=113062"},"modified":"2024-01-12T15:55:42","modified_gmt":"2024-01-12T18:55:42","slug":"diputados-reanudara-el-lunes-el-analisis-del-proyecto-de-ley-bases","status":"publish","type":"post","link":"https:\/\/www.actualidadadiario.com\/index.php\/2024\/01\/12\/diputados-reanudara-el-lunes-el-analisis-del-proyecto-de-ley-bases\/","title":{"rendered":"Diputados reanudar\u00e1 el lunes el an\u00e1lisis del proyecto de ley &#8220;Bases&#8221;"},"content":{"rendered":"<p style=\"text-align: center;\"><em><strong>La actividad del plenario que analiza la iniciativa comenzar\u00e1 a las 10, con la recepci\u00f3n de los testimonios de empresas, asociaciones, ONGs y sectores alcanzados por lo dispuesto en dicha iniciativa<\/strong><\/em><\/p>\n<p>&nbsp;<\/p>\n<p>&nbsp;<\/p>\n<p>El plenario de comisiones de la C\u00e1mara de Diputados que analiza el proyecto de ley \u00f3mnibus retomar\u00e1 su trabajo el pr\u00f3ximo lunes a las 10 con la recepci\u00f3n de los testimonios de empresas, asociaciones, ONGs y sectores alcanzados por lo dispuesto en dicha iniciativa.<\/p>\n<p>Tras cumplirse en la madrugada de este viernes la tercera jornada de trabajo de las comisiones de Legislaci\u00f3n General, Presupuesto y Hacienda y Asuntos Constitucionales, el presidente de la primera de estas, Gabriel Bornorioni (LLA), confirm\u00f3 as\u00ed que se acceder\u00eda al pedido de bloques opositores para abrir el \u00e1mbito de la comisi\u00f3n a estos expositores.<\/p>\n<p>Los invitados plantear\u00e1n sus observaciones desde las 10, en bloques de 5 minutos cada uno, y alternando una presentaci\u00f3n presencial y otra virtual, dado que algunos son del interior del pa\u00eds.<\/p>\n<p>Desde Uni\u00f3n por la Patria solicitaron que si el lunes no se agotan los testimonios se pueda continuar el martes, moci\u00f3n que fue respaldada por la radical Carla Carrizo.<\/p>\n<p>La intenci\u00f3n del oficialista bloque de La Libertad Avanza era comenzar el martes con el debate interno de los diputados, por lo que el mismo lunes se definir\u00e1 cual ser\u00e1 el cronograma de trabajo para el resto de la semana.<\/p>\n<p>&nbsp;<\/p>\n<p><strong>La tercera jornada de debate<\/strong><\/p>\n<p>El plenario de comisiones de la C\u00e1mara de Diputados continu\u00f3 el jueves en su tercera jornada de an\u00e1lisis del proyecto de ley &#8220;Bases y Puntos de Partida para la Libertad de los Argentinos&#8221; y referentes de La Libertad Avanza en el Congreso destacaron la necesidad de &#8220;dialogar&#8221; con todos los bloques para que se lleve el proyecto al recinto el jueves 25.<\/p>\n<p>Durante esta jornada, expusieron el ministro de Infraestructura, Guillermo Ferraro, y funcionarios de las \u00e1reas de Educaci\u00f3n, Cultura y Ni\u00f1ez.<\/p>\n<p>En medio de las disertaciones de los emisarios del Poder Ejecutivo, los principales referentes de los bloques continuaron las negaciones en torno a los puntos del proyecto que presentan cuestionamientos, sobre todo los referidos a retenciones a las exportaciones y a aquellos que puedan afectar a los jubilados.<\/p>\n<p>La mayor\u00eda de los representantes de los bloques, entre ellos los de LLA y los de la oposici\u00f3n ajena a Uni\u00f3n por la Patria y la Izquierda, coincide en que \u201cla semana pr\u00f3xima, entre mi\u00e9rcoles y jueves, se estar\u00eda emitiendo el dictamen\u201d.<\/p>\n<p>En ese sentido, fuentes cercanas a los l\u00edderes parlamentarios del oficialismo se\u00f1alaron que desde esa fuerza mantienen la idea de llevar el proyecto al recinto en una sesi\u00f3n que se realizar\u00eda el jueves 25.<\/p>\n<p>\u201cEstamos dialogando con todos los bloques, con el PRO, con la UCR, con la Coalici\u00f3n C\u00edvica, es muy importante ir recepcionando las inquietudes que ellos tienen, y ponernos de acuerdo para llegar a alg\u00fan consenso que nos permita ir al recinto, donde seguramente se van a seguir discutiendo algunos puntos\u201d, se\u00f1al\u00f3 el jefe de la bancada de LLA, Oscar Zago, en declaraciones period\u00edsticas realizadas en la C\u00e1mara baja.<\/p>\n<p>Por otra parte, el titular del bloque Uni\u00f3n por la Patria, Germ\u00e1n Mart\u00ednez, realiz\u00f3 un pedido al inicio de la reuni\u00f3n: &#8220;Se multiplican los pedidos de audiencia. Es importante que podamos armar una grilla, lo m\u00e1s ordenada y participativa posible&#8221;.<\/p>\n<p>El ministro de Infraestructura, Guillermo Ferraro, afirm\u00f3 que el objetivo del Gobierno nacional es cambiar el &#8220;sistema perverso de estructura&#8221; existente y dijo que el objetivo del Gobierno es que &#8220;el Estado se retire de todo lo que puede influir en el sector privado y asuma un rol orientador&#8221;<\/p>\n","protected":false},"excerpt":{"rendered":"<p>La actividad del plenario que analiza la iniciativa comenzar\u00e1 a las 10, con la recepci\u00f3n de los testimonios de empresas, asociaciones, ONGs y sectores alcanzados por lo dispuesto en dicha iniciativa &nbsp; &nbsp; El plenario de comisiones de la C\u00e1mara de Diputados que analiza el proyecto de ley \u00f3mnibus retomar\u00e1 su trabajo el pr\u00f3ximo lunes a las 10 con la recepci\u00f3n de los testimonios de empresas, asociaciones, ONGs y sectores alcanzados por lo dispuesto en dicha iniciativa. Tras cumplirse en la madrugada de este viernes la tercera jornada de trabajo&#8230;<\/p>\n","protected":false},"author":3,"featured_media":113063,"comment_status":"closed","ping_status":"closed","sticky":false,"template":"","format":"standard","meta":[],"categories":[18],"tags":[],"_links":{"self":[{"href":"https:\/\/www.actualidadadiario.com\/index.php\/wp-json\/wp\/v2\/posts\/113062"}],"collection":[{"href":"https:\/\/www.actualidadadiario.com\/index.php\/wp-json\/wp\/v2\/posts"}],"about":[{"href":"https:\/\/www.actualidadadiario.com\/index.php\/wp-json\/wp\/v2\/types\/post"}],"author":[{"embeddable":true,"href":"https:\/\/www.actualidadadiario.com\/index.php\/wp-json\/wp\/v2\/users\/3"}],"replies":[{"embeddable":true,"href":"https:\/\/www.actualidadadiario.com\/index.php\/wp-json\/wp\/v2\/comments?post=113062"}],"version-history":[{"count":1,"href":"https:\/\/www.actualidadadiario.com\/index.php\/wp-json\/wp\/v2\/posts\/113062\/revisions"}],"predecessor-version":[{"id":113064,"href":"https:\/\/www.actualidadadiario.com\/index.php\/wp-json\/wp\/v2\/posts\/113062\/revisions\/113064"}],"wp:featuredmedia":[{"embeddable":true,"href":"https:\/\/www.actualidadadiario.com\/index.php\/wp-json\/wp\/v2\/media\/113063"}],"wp:attachment":[{"href":"https:\/\/www.actualidadadiario.com\/index.php\/wp-json\/wp\/v2\/media?parent=113062"}],"wp:term":[{"taxonomy":"category","embeddable":true,"href":"https:\/\/www.actualidadadiario.com\/index.php\/wp-json\/wp\/v2\/categories?post=113062"},{"taxonomy":"post_tag","embeddable":true,"href":"https:\/\/www.actualidadadiario.com\/index.php\/wp-json\/wp\/v2\/tags?post=113062"}],"curies":[{"name":"wp","href":"https:\/\/api.w.org\/{rel}","templated":true}]}}