{"id":113059,"date":"2024-01-12T15:54:07","date_gmt":"2024-01-12T18:54:07","guid":{"rendered":"https:\/\/www.actualidadadiario.com\/?p=113059"},"modified":"2024-01-12T15:54:07","modified_gmt":"2024-01-12T18:54:07","slug":"el-gobierno-nacional-elimino-las-horas-extras-entre-el-personal-de-la-administracion-publica","status":"publish","type":"post","link":"https:\/\/www.actualidadadiario.com\/index.php\/2024\/01\/12\/el-gobierno-nacional-elimino-las-horas-extras-entre-el-personal-de-la-administracion-publica\/","title":{"rendered":"El gobierno nacional elimin\u00f3 las horas extras entre el personal de la administraci\u00f3n p\u00fablica"},"content":{"rendered":"<p style=\"text-align: center;\"><em><strong>La decisi\u00f3n incluye ministerios, organismos descentralizados, la seguridad social y las empresas estatales<\/strong><\/em><\/p>\n<p>&nbsp;<\/p>\n<p>&nbsp;<\/p>\n<p>&nbsp;<\/p>\n<p>El gobierno nacional elimin\u00f3 las horas extras entre el personal de la administraci\u00f3n p\u00fablica nacional. Si bien la decisi\u00f3n admite excepciones, \u00e9stas solo se podr\u00e1n ejecutar si existen las justificaciones adecuadas antes de su puesta en pr\u00e1ctica y todo bajo control del Ministerio de Econom\u00eda.<\/p>\n<p>Seg\u00fan informaciones provenientes de trabajadores p\u00fablicos, la decisi\u00f3n provocar\u00e1 un fuerte ajuste en los salarios ya que en muchos casos se realizan horas extras por la falta de personal, m\u00e1s en temporada de vacaciones estivales.<\/p>\n<p>As\u00ed surge de la nota NO-2024-03652832-APN-STEYFP#JGM, cuya referencia es \u201cLineamientos horas extras\u201d y que fue firmada el 10 de enero por Armando Daniel Guibert, funcionario a cargo de la Secretar\u00eda de Transformaci\u00f3n del Estado y Funci\u00f3n P\u00fablica de la Jefatura de Gabinete de Ministros.<\/p>\n<p>La nota est\u00e1 dirigida a los nueve ministros, a otros 17 funcionarios de menor rango de esos ministerios y a los cuatro funcionarios m\u00e1s cercanos al presidente Javier Milei: el jefe de Gabinete, Nicol\u00e1s Posse; la secretaria General, Karina Milei; el secretario Legal y T\u00e9cnico, Dante Herrera Bravo; y el secretario de Prensa, Eduardo Serenellini.<\/p>\n<p>El texto arranca diciendo que se trata de una \u201cinstrucci\u00f3n del Sr. Jefe de Gabinete de Ministros con relaci\u00f3n a la asignaci\u00f3n de servicios extraordinarios (horas extras) en todas aquellas jurisdicciones y entidades que conforman el Sector P\u00fablico Nacional\u201d.<\/p>\n<p>Agrega Guibert que \u201cen virtud del objetivo de racionalizaci\u00f3n de los recursos del Estado establecido en el Decreto N\u00b0 8\/2023, y a fin de contar con una ordenada gesti\u00f3n funcional de la distribuci\u00f3n de actividades del personal de su dependencia, a partir del d\u00eda de la fecha, queda suspendida la asignaci\u00f3n de horas extraordinarias, debiendo programarse las tareas operativas en la jornada legal normal de trabajo de cada agente\u201d.<\/p>\n<p>Seg\u00fan la normativa vigente, el Sector P\u00fablico Nacional est\u00e1 integrado por la Administraci\u00f3n Nacional, que a su vez comprende a la Administraci\u00f3n Central, los Organismos Descentralizados y las Instituciones de Seguridad Social, las Empresas y Sociedades del Estado, los Entes Interestaduales y por el Sector P\u00fablico Nacional Financiero.<\/p>\n<p>&nbsp;<\/p>\n<p><strong>Excepciones<\/strong><\/p>\n<p>Hecha la ley, hecha la trampa. La nota indica que \u201cExcepcionalmente, para el caso de que se encuentre acreditada la imposibilidad de dar respuesta a impostergables necesidades operativas que comprometan manifiestamente el servicio p\u00fablico, se podr\u00e1 solicitar fundadamente la asignaci\u00f3n de servicios extraordinarios\u201d.<\/p>\n<p>Pero para poner en marcha esta excepci\u00f3n hay que superar una serie de controles y permisos. En primer lugar, \u201cse deber\u00e1 planificar las funciones del organismo y el personal necesario para cumplirlas\u201d.<\/p>\n<p>En segundo lugar, \u201cla autoridad con rango no inferior a Director Nacional, General o equivalente, deber\u00e1 solicitar la asignaci\u00f3n de los servicios extraordinarios, previo informe circunstanciado sobre las causales que impiden dar cumplimiento a los requerimientos de servicios, fundado en un an\u00e1lisis de dotaciones y modalidades operativas\u201d.<\/p>\n<p>En tercer lugar, \u201cla citada solicitud deber\u00e1 elevarse a la m\u00e1xima autoridad administrativa con competencia en la administraci\u00f3n del presupuesto de cada jurisdicci\u00f3n o entidad, quien la aprobar\u00e1 o denegar\u00e1, la que comunicar\u00e1 tal decisi\u00f3n al \u00e1rea responsable de los recursos humanos y a la autoridad requirente\u201d.<\/p>\n<p>En cuarto lugar, esa autoridad administrativa \u201cdeber\u00e1 informar mensualmente a esta Secretar\u00eda, con copia a la Direcci\u00f3n Nacional de Seguimiento de la Inversi\u00f3n en Capital Humano del Sector P\u00fablico Nacional del Ministerio de Econom\u00eda, la asignaci\u00f3n de servicios extraordinarios autorizados y el impacto presupuestario\u201d.<\/p>\n","protected":false},"excerpt":{"rendered":"<p>La decisi\u00f3n incluye ministerios, organismos descentralizados, la seguridad social y las empresas estatales &nbsp; &nbsp; &nbsp; El gobierno nacional elimin\u00f3 las horas extras entre el personal de la administraci\u00f3n p\u00fablica nacional. Si bien la decisi\u00f3n admite excepciones, \u00e9stas solo se podr\u00e1n ejecutar si existen las justificaciones adecuadas antes de su puesta en pr\u00e1ctica y todo bajo control del Ministerio de Econom\u00eda. Seg\u00fan informaciones provenientes de trabajadores p\u00fablicos, la decisi\u00f3n provocar\u00e1 un fuerte ajuste en los salarios ya que en muchos casos se realizan horas extras por la falta de personal,&#8230;<\/p>\n","protected":false},"author":3,"featured_media":113060,"comment_status":"closed","ping_status":"closed","sticky":false,"template":"","format":"standard","meta":[],"categories":[9],"tags":[],"_links":{"self":[{"href":"https:\/\/www.actualidadadiario.com\/index.php\/wp-json\/wp\/v2\/posts\/113059"}],"collection":[{"href":"https:\/\/www.actualidadadiario.com\/index.php\/wp-json\/wp\/v2\/posts"}],"about":[{"href":"https:\/\/www.actualidadadiario.com\/index.php\/wp-json\/wp\/v2\/types\/post"}],"author":[{"embeddable":true,"href":"https:\/\/www.actualidadadiario.com\/index.php\/wp-json\/wp\/v2\/users\/3"}],"replies":[{"embeddable":true,"href":"https:\/\/www.actualidadadiario.com\/index.php\/wp-json\/wp\/v2\/comments?post=113059"}],"version-history":[{"count":1,"href":"https:\/\/www.actualidadadiario.com\/index.php\/wp-json\/wp\/v2\/posts\/113059\/revisions"}],"predecessor-version":[{"id":113061,"href":"https:\/\/www.actualidadadiario.com\/index.php\/wp-json\/wp\/v2\/posts\/113059\/revisions\/113061"}],"wp:featuredmedia":[{"embeddable":true,"href":"https:\/\/www.actualidadadiario.com\/index.php\/wp-json\/wp\/v2\/media\/113060"}],"wp:attachment":[{"href":"https:\/\/www.actualidadadiario.com\/index.php\/wp-json\/wp\/v2\/media?parent=113059"}],"wp:term":[{"taxonomy":"category","embeddable":true,"href":"https:\/\/www.actualidadadiario.com\/index.php\/wp-json\/wp\/v2\/categories?post=113059"},{"taxonomy":"post_tag","embeddable":true,"href":"https:\/\/www.actualidadadiario.com\/index.php\/wp-json\/wp\/v2\/tags?post=113059"}],"curies":[{"name":"wp","href":"https:\/\/api.w.org\/{rel}","templated":true}]}}