{"id":113057,"date":"2024-01-12T15:50:52","date_gmt":"2024-01-12T18:50:52","guid":{"rendered":"https:\/\/www.actualidadadiario.com\/?p=113057"},"modified":"2024-01-12T15:50:52","modified_gmt":"2024-01-12T18:50:52","slug":"bullrich-aviso-que-descontaran-el-dia-a-estatales-que-paren-ojala-los-empresarios-hagan-lo-mismo","status":"publish","type":"post","link":"https:\/\/www.actualidadadiario.com\/index.php\/2024\/01\/12\/bullrich-aviso-que-descontaran-el-dia-a-estatales-que-paren-ojala-los-empresarios-hagan-lo-mismo\/","title":{"rendered":"Bullrich avis\u00f3 que descontar\u00e1n el d\u00eda a estatales que paren: &#8220;Ojal\u00e1 los empresarios hagan lo mismo&#8221;"},"content":{"rendered":"<p style=\"text-align: center;\"><em><strong>La funcionaria anunci\u00f3 que el Gobierno va a &#8220;abrir la l\u00ednea 134 para denunciar a aquellos que obligan a los trabajadores a ir a las marchas&#8221;<\/strong><\/em><\/p>\n<p>&nbsp;<\/p>\n<p>&nbsp;<\/p>\n<p>La ministra de Seguridad, Patricia Bullrich, anunci\u00f3 que va a establecer una l\u00ednea telef\u00f3nica &#8220;para que trabajadores denuncien a quienes los obligan a hacer paro&#8221;, de cara a la jornada de lucha convocada por la CGT para el 24 de este mes, y adelant\u00f3 que en el Estado descontar\u00e1n el d\u00eda a quienes adhieran a la movilizaci\u00f3n, en tanto que exhort\u00f3 a que &#8220;ojal\u00e1&#8221; los empresarios hagan lo mismo.<\/p>\n<p>Bullrich consider\u00f3 que la central gremial hace &#8220;un paro para jorobar a la gente&#8221;. &#8220;Ojal\u00e1 que los empresarios tomen decisiones. Descuenten los d\u00edas de paro. En el Estado lo vamos a hacer&#8221;, dijo.<\/p>\n<p>La ministra anunci\u00f3 adem\u00e1s que va a &#8220;abrir la l\u00ednea 134 para denunciar a aquellos que obligan a los trabajadores a ir a las marchas&#8221; y consider\u00f3 que &#8220;si los trabajadores bancan al Gobierno, deben ir a trabajar&#8221;.<\/p>\n<p>Por otra parte, Bullrich defendi\u00f3 el proyecto econ\u00f3mico del presidente Javier Milei, al afirmar que con &#8220;ideas claras, con shock, sin temor y sin negociar, el gobierno avanza&#8221; y sostuvo que la inflaci\u00f3n &#8220;va a ser mucho m\u00e1s grande en los pr\u00f3ximos meses porque es necesario estabilizar la econom\u00eda&#8221;.<\/p>\n<p>La ministra opin\u00f3 sobre el \u00edndice de inflaci\u00f3n del primer mes de gesti\u00f3n del presidente Javier Milei, que fue del 25,5%, seg\u00fan el INDEC, por lo que responsabiliz\u00f3 al anterior gobierno de Alberto Fern\u00e1ndez.<\/p>\n<p>El gobierno elimin\u00f3 las horas extras para trabajadores de la administraci\u00f3n p\u00fablica nacional<\/p>\n<p>La decisi\u00f3n incluye ministerios, organismos descentralizados, la seguridad social y las empresas estatales.<\/p>\n","protected":false},"excerpt":{"rendered":"<p>La funcionaria anunci\u00f3 que el Gobierno va a &#8220;abrir la l\u00ednea 134 para denunciar a aquellos que obligan a los trabajadores a ir a las marchas&#8221; &nbsp; &nbsp; La ministra de Seguridad, Patricia Bullrich, anunci\u00f3 que va a establecer una l\u00ednea telef\u00f3nica &#8220;para que trabajadores denuncien a quienes los obligan a hacer paro&#8221;, de cara a la jornada de lucha convocada por la CGT para el 24 de este mes, y adelant\u00f3 que en el Estado descontar\u00e1n el d\u00eda a quienes adhieran a la movilizaci\u00f3n, en tanto que exhort\u00f3 a&#8230;<\/p>\n","protected":false},"author":3,"featured_media":112922,"comment_status":"closed","ping_status":"closed","sticky":false,"template":"","format":"standard","meta":[],"categories":[18],"tags":[],"_links":{"self":[{"href":"https:\/\/www.actualidadadiario.com\/index.php\/wp-json\/wp\/v2\/posts\/113057"}],"collection":[{"href":"https:\/\/www.actualidadadiario.com\/index.php\/wp-json\/wp\/v2\/posts"}],"about":[{"href":"https:\/\/www.actualidadadiario.com\/index.php\/wp-json\/wp\/v2\/types\/post"}],"author":[{"embeddable":true,"href":"https:\/\/www.actualidadadiario.com\/index.php\/wp-json\/wp\/v2\/users\/3"}],"replies":[{"embeddable":true,"href":"https:\/\/www.actualidadadiario.com\/index.php\/wp-json\/wp\/v2\/comments?post=113057"}],"version-history":[{"count":1,"href":"https:\/\/www.actualidadadiario.com\/index.php\/wp-json\/wp\/v2\/posts\/113057\/revisions"}],"predecessor-version":[{"id":113058,"href":"https:\/\/www.actualidadadiario.com\/index.php\/wp-json\/wp\/v2\/posts\/113057\/revisions\/113058"}],"wp:featuredmedia":[{"embeddable":true,"href":"https:\/\/www.actualidadadiario.com\/index.php\/wp-json\/wp\/v2\/media\/112922"}],"wp:attachment":[{"href":"https:\/\/www.actualidadadiario.com\/index.php\/wp-json\/wp\/v2\/media?parent=113057"}],"wp:term":[{"taxonomy":"category","embeddable":true,"href":"https:\/\/www.actualidadadiario.com\/index.php\/wp-json\/wp\/v2\/categories?post=113057"},{"taxonomy":"post_tag","embeddable":true,"href":"https:\/\/www.actualidadadiario.com\/index.php\/wp-json\/wp\/v2\/tags?post=113057"}],"curies":[{"name":"wp","href":"https:\/\/api.w.org\/{rel}","templated":true}]}}