{"id":113052,"date":"2024-01-12T14:53:57","date_gmt":"2024-01-12T17:53:57","guid":{"rendered":"https:\/\/www.actualidadadiario.com\/?p=113052"},"modified":"2024-01-12T14:53:57","modified_gmt":"2024-01-12T17:53:57","slug":"luego-del-25-de-inflacion-se-espera-mas-suba-de-precios-otra-devaluacion-y-desempleo","status":"publish","type":"post","link":"https:\/\/www.actualidadadiario.com\/index.php\/2024\/01\/12\/luego-del-25-de-inflacion-se-espera-mas-suba-de-precios-otra-devaluacion-y-desempleo\/","title":{"rendered":"Luego del 25% de inflaci\u00f3n, se espera m\u00e1s suba de precios, otra devaluaci\u00f3n y desempleo"},"content":{"rendered":"<p style=\"text-align: center;\"><em><strong>Seg\u00fan el informe que publica el BCRA en base a las estimaciones de las consultoras privadas, el valor del d\u00f3lar saltar\u00e1 a los 1.135 pesos, un 35%. La Libertad Avanza apuesta a la recesi\u00f3n como forma de resolver la inflaci\u00f3n<\/strong><\/em><\/p>\n<p>&nbsp;<\/p>\n<p>&nbsp;<\/p>\n<p>La mega devaluaci\u00f3n del peso, concretada durante los primeros d\u00edas de la gesti\u00f3n Milei, fue el primer paso del ajuste ortodoxo planificado desde la administraci\u00f3n nacional, que desemboc\u00f3 en una inflaci\u00f3n del 25,5% en diciembre. Para los pr\u00f3ximos meses, el Gobierno podr\u00eda concretar su segunda devaluaci\u00f3n.<\/p>\n<p>As\u00ed se desprende del \u00faltimo Reporte de Estimaciones Mensuales (REM), elaborado por el Banco Central a partir de los an\u00e1lisis y datos aportados por las principales consultoras y analistas econ\u00f3micos del pa\u00eds. De acuerdo a sus estimaciones, el tipo de cambio oficial podr\u00eda saltar a los 1134 pesos para abril, un alza del 35% en relaci\u00f3n a su valor actual.<\/p>\n<p>Para diciembre pr\u00f3ximo, llegar\u00eda a los 1821 pesos, por lo que, en l\u00ednea con lo ideado desde el Poder Ejecutivo, las consultoras prev\u00e9n una ca\u00edda anual del PBI del 2,7%. En paralelo, el desempleo tambi\u00e9n aumentar\u00eda, sobre todo durante el primer trimestre. Nada ser\u00e1 un error de c\u00e1lculo. Estos guarismos van en l\u00ednea con el programa de miseria planificada de la actual administraci\u00f3n.<\/p>\n<p>Las consultoras privadas estimaron que la inflaci\u00f3n de diciembre registr\u00f3 una suba del 25%, el mismo guarismo arrojado por el Indec. La variaci\u00f3n de precios de enero ser\u00e1 otra cosa, teniendo en cuenta los sucesivos aumentos en la comida, las cuotas de las prepagas, la nafta, entre otros bienes y servicios.<\/p>\n<p>Sin embargo, desde el sector privado creen que habr\u00e1 un descenso a partir de febrero. En otras palabras, las consultoras tambi\u00e9n apuestan al \u201c\u00e9xito\u201d del mega ajuste fiscal, sumado a la sanci\u00f3n y aplicaci\u00f3n de la nueva estructura jur\u00eddica para beneficiar a un conjunto de empresas concentradas. En la city porte\u00f1a y en Wall Street aguardan el mismo resultado.<\/p>\n<p>&nbsp;<\/p>\n<p><strong>No es un error <\/strong><\/p>\n<p>La recesi\u00f3n ser\u00e1 inevitable. Seg\u00fan el REM, durante este a\u00f1o la actividad caer\u00eda cerca del 3% del PBI; el poder adquisitivo de los trabajadores volver\u00eda a desplomarse, con un aumento del desempleo incluido. As\u00ed fue esbozado por los analistas de la city que participan del REM. La reducci\u00f3n del crecimiento hab\u00eda sido una de los primeros lineamientos del Fondo como \u201csoluci\u00f3n\u201d ante la inflaci\u00f3n.<\/p>\n<p>Ning\u00fan error. La Libertad Avanza construye su propio plan sistem\u00e1tico de exclusi\u00f3n. En diciembre, luego de la primera devaluaci\u00f3n, el poder adquisitivo de los trabajadores y trabajadoras cay\u00f3 un 10%.<\/p>\n<p>El mercado espera un nuevo salto en el valor del d\u00f3lar cercano al 35%. La fecha ser\u00eda abril. Dicha estimaci\u00f3n se relaciona con la dificultad de Luis Caputo para conseguir d\u00f3lares. Por ahora, lo \u00fanico que se obtuvo fue una suerte de puente a partir del acuerdo con el FMI. El adelanto de los DEG por 4700 millones cubrir\u00e1 vencimientos hasta el cuarto mes del a\u00f1o.\u00a0 Luego, a rezarle a las agroexportadoras.<\/p>\n<p>Las grandes cerealeras se manifestaron en contra de la posible suba de retenciones incluida en el proyecto \u00f3mnibus. Llegado el momento, sonar\u00e1 el mantra de una mejora del tipo de cambio que les incremente sus ganancias. Es decir, la devaluaci\u00f3n que vieron desde las consultoras. De acuerdo a las respuestas incluidas en el REM, la variaci\u00f3n anual podr\u00eda ser del 165%.<\/p>\n<p>&nbsp;<\/p>\n<p><strong>N\u00fameros<\/strong><\/p>\n<p>En diciembre se desplom\u00f3 el poder adquisitivo de los salarios, luego de la primera devaluaci\u00f3n. La ca\u00edda habr\u00eda sido del 10%. El desplome seguir\u00e1. Con la ca\u00edda de la actividad, las consultoras prev\u00e9n una profundizaci\u00f3n de los conflictos laborales. El desempleo del primer trimestre podr\u00eda ubicarse en el 7,5%. Seg\u00fan el Indec, en el mismo per\u00edodo del a\u00f1o pasado hab\u00eda sido del 6,9%. La pauperizaci\u00f3n social ser\u00e1 evidente.<\/p>\n<p>Bajo este escenario, tambi\u00e9n aumentar\u00e1 la pobreza. El Gobierno apuntar\u00e1 a la focalizaci\u00f3n de la asistencia social, directriz heredada del Frente de Todos, v\u00eda presiones del FMI. Desde hace varios a\u00f1os existen miles de trabajadores formales e informales que no llegan a cubrir el costo de una canasta b\u00e1sica alimentaria. La crisis social comenz\u00f3 con Macri, sigui\u00f3 durante los cuatro a\u00f1os del Frente de Todos y ahora se profundizar\u00e1 con Milei y su plan de ajuste ortodoxo.<\/p>\n<p>Seg\u00fan el Departamento de Econom\u00eda de la Universidad Torcuato Di Tella, la pobreza para el semestre junio diciembre del 2023 se ubicar\u00eda en el 42.8%, un alza de casi dos puntos porcentuales en comparaci\u00f3n con el semestre anterior. En relaci\u00f3n al mismo semestre del 2022, la pobreza se increment\u00f3 casi cuatro puntos porcentuales. \u201cLa poblaci\u00f3n urbana capturada por la Encuesta Permanente de Hogares en el semestre de referencia se estim\u00f3 en 29.2 millones de personas lo que implica que alrededor de 12.5 millones viven en hogares urbanos pobres\u201d, explic\u00f3 Mart\u00edn Gonz\u00e1lez Rosada, titular del Departamento de Econom\u00eda.<\/p>\n","protected":false},"excerpt":{"rendered":"<p>Seg\u00fan el informe que publica el BCRA en base a las estimaciones de las consultoras privadas, el valor del d\u00f3lar saltar\u00e1 a los 1.135 pesos, un 35%. La Libertad Avanza apuesta a la recesi\u00f3n como forma de resolver la inflaci\u00f3n &nbsp; &nbsp; La mega devaluaci\u00f3n del peso, concretada durante los primeros d\u00edas de la gesti\u00f3n Milei, fue el primer paso del ajuste ortodoxo planificado desde la administraci\u00f3n nacional, que desemboc\u00f3 en una inflaci\u00f3n del 25,5% en diciembre. Para los pr\u00f3ximos meses, el Gobierno podr\u00eda concretar su segunda devaluaci\u00f3n. As\u00ed se&#8230;<\/p>\n","protected":false},"author":3,"featured_media":94813,"comment_status":"closed","ping_status":"closed","sticky":false,"template":"","format":"standard","meta":[],"categories":[2],"tags":[],"_links":{"self":[{"href":"https:\/\/www.actualidadadiario.com\/index.php\/wp-json\/wp\/v2\/posts\/113052"}],"collection":[{"href":"https:\/\/www.actualidadadiario.com\/index.php\/wp-json\/wp\/v2\/posts"}],"about":[{"href":"https:\/\/www.actualidadadiario.com\/index.php\/wp-json\/wp\/v2\/types\/post"}],"author":[{"embeddable":true,"href":"https:\/\/www.actualidadadiario.com\/index.php\/wp-json\/wp\/v2\/users\/3"}],"replies":[{"embeddable":true,"href":"https:\/\/www.actualidadadiario.com\/index.php\/wp-json\/wp\/v2\/comments?post=113052"}],"version-history":[{"count":1,"href":"https:\/\/www.actualidadadiario.com\/index.php\/wp-json\/wp\/v2\/posts\/113052\/revisions"}],"predecessor-version":[{"id":113053,"href":"https:\/\/www.actualidadadiario.com\/index.php\/wp-json\/wp\/v2\/posts\/113052\/revisions\/113053"}],"wp:featuredmedia":[{"embeddable":true,"href":"https:\/\/www.actualidadadiario.com\/index.php\/wp-json\/wp\/v2\/media\/94813"}],"wp:attachment":[{"href":"https:\/\/www.actualidadadiario.com\/index.php\/wp-json\/wp\/v2\/media?parent=113052"}],"wp:term":[{"taxonomy":"category","embeddable":true,"href":"https:\/\/www.actualidadadiario.com\/index.php\/wp-json\/wp\/v2\/categories?post=113052"},{"taxonomy":"post_tag","embeddable":true,"href":"https:\/\/www.actualidadadiario.com\/index.php\/wp-json\/wp\/v2\/tags?post=113052"}],"curies":[{"name":"wp","href":"https:\/\/api.w.org\/{rel}","templated":true}]}}